{"id":10102,"date":"2025-01-19T12:47:14","date_gmt":"2025-01-19T10:47:14","guid":{"rendered":"https:\/\/www.judoclub-gornau.de\/?p=10102"},"modified":"2025-02-08T12:55:08","modified_gmt":"2025-02-08T10:55:08","slug":"ergebnisse-bezirksmeisterschaften-u18-u21","status":"publish","type":"post","link":"https:\/\/www.judoclub-gornau.de\/?p=10102","title":{"rendered":"Ergebnisse Bezirksmeisterschaften U18\/U21"},"content":{"rendered":"\n<p>Gestern fanden in Chemnitz die Bezirksmeisterschaften der U18 und U21 statt. F\u00fcr uns standen Niclas Stein, Fabian Klaus (beide U18) und Nick Reichel (U21) auf der Matte.<br>Den Anfang machte Fabian. In der stark besetzten Gewichtsklasse -73kg (11 Starter) musste er sich zweimal jeweils am Boden geschlagen geben und konnte damit nicht in die Medallienk\u00e4mpfe eingreifen. Platz 7<br>\u00dcberschaubarer war die Gewichtsklasse -55kg (4 Starter) von Niclas. Er musste nur die erste Begegnung verloren geben. Den zweiten Kampf konnte er mit einem Koshi-guruma f\u00fcr sich entscheiden, nachdem er bereits mit Waza-ari gef\u00fchrt hatte. Im dritten Kampf reichte ihm eine Waza-ari Wertung f\u00fcr Ushiro-goshi, welche er \u00fcber die Zeit rettete. Platz 2<br>Nick startete in der Gewichtsklasse -60kg (5 Starter). Seine erste Begegung gewann er am Boden mit einer W\u00fcrgetechnik. Mit einem Waza-ari f\u00fcr einen tiefen Seoi-nage konnte er seinen n\u00e4chsten Gegner besiegen. Im Kampf Nummer drei konnte er, nach einer W\u00fcrgetechnik, die Matte als Sieger verlassen. Auch im vierten und letzten Kampf lies er nichts anbrennen und gewann wieder mit einem tiefen Seoi-nage. Platz 1<br>Damit hat sich Niclas f\u00fcr die Landesmeisterschaften in zwei Wochen in Adorf qualifiziert. Dort wird noch Lara hinzusto\u00dfen, da sie f\u00fcr die LEM vom Landestrainer gesetzt ist.<\/p>\n","protected":false},"excerpt":{"rendered":"<p>Gestern fanden in Chemnitz die Bezirksmeisterschaften der U18 und U21 statt. F\u00fcr uns standen Niclas Stein, Fabian Klaus (beide U18) und Nick Reichel (U21) auf der Matte.Den Anfang machte Fabian. In der stark besetzten Gewichtsklasse -73kg (11 Starter) musste er sich zweimal jeweils am Boden geschlagen geben und konnte damit nicht in die Medallienk\u00e4mpfe eingreifen. Platz 7\u00dcberschaubarer war die Gewichtsklasse [&hellip;]<\/p>\n","protected":false},"author":2,"featured_media":10103,"comment_status":"open","ping_status":"closed","sticky":false,"template":"","format":"standard","meta":{"ngg_post_thumbnail":0,"footnotes":""},"categories":[1,3],"tags":[],"class_list":["post-10102","post","type-post","status-publish","format-standard","has-post-thumbnail","hentry","category-allgemein","category-ergebnisse"],"_links":{"self":[{"href":"https:\/\/www.judoclub-gornau.de\/index.php?rest_route=\/wp\/v2\/posts\/10102"}],"collection":[{"href":"https:\/\/www.judoclub-gornau.de\/index.php?rest_route=\/wp\/v2\/posts"}],"about":[{"href":"https:\/\/www.judoclub-gornau.de\/index.php?rest_route=\/wp\/v2\/types\/post"}],"author":[{"embeddable":true,"href":"https:\/\/www.judoclub-gornau.de\/index.php?rest_route=\/wp\/v2\/users\/2"}],"replies":[{"embeddable":true,"href":"https:\/\/www.judoclub-gornau.de\/index.php?rest_route=%2Fwp%2Fv2%2Fcomments&post=10102"}],"version-history":[{"count":1,"href":"https:\/\/www.judoclub-gornau.de\/index.php?rest_route=\/wp\/v2\/posts\/10102\/revisions"}],"predecessor-version":[{"id":10104,"href":"https:\/\/www.judoclub-gornau.de\/index.php?rest_route=\/wp\/v2\/posts\/10102\/revisions\/10104"}],"wp:featuredmedia":[{"embeddable":true,"href":"https:\/\/www.judoclub-gornau.de\/index.php?rest_route=\/wp\/v2\/media\/10103"}],"wp:attachment":[{"href":"https:\/\/www.judoclub-gornau.de\/index.php?rest_route=%2Fwp%2Fv2%2Fmedia&parent=10102"}],"wp:term":[{"taxonomy":"category","embeddable":true,"href":"https:\/\/www.judoclub-gornau.de\/index.php?rest_route=%2Fwp%2Fv2%2Fcategories&post=10102"},{"taxonomy":"post_tag","embeddable":true,"href":"https:\/\/www.judoclub-gornau.de\/index.php?rest_route=%2Fwp%2Fv2%2Ftags&post=10102"}],"curies":[{"name":"wp","href":"https:\/\/api.w.org\/{rel}","templated":true}]}}