{"id":1106,"date":"2010-11-30T19:12:48","date_gmt":"2010-11-30T17:12:48","guid":{"rendered":"http:\/\/www.judoclub-gornau.de\/?p=1106"},"modified":"2015-02-02T14:30:20","modified_gmt":"2015-02-02T12:30:20","slug":"erfolgreiche-kyu-prufung","status":"publish","type":"post","link":"https:\/\/www.judoclub-gornau.de\/?p=1106","title":{"rendered":"Erfolgreiche Kyu-Pr\u00fcfung"},"content":{"rendered":"<p align=\"center\"><strong>2.G\u00fcrtelpr\u00fcfung erfolgreich<\/strong><\/p>\n<p>Am Montag, dem 29.November, legten 5 unserer M\u00e4dchen und Jungen\u00a0 erfolgreich ihre Pr\u00fcfung zum n\u00e4chst h\u00f6heren Kyu-Grad ab. Alle Judoka hatten sich intensiv bis zu 12 Monate darauf vorbereitet. Lobend erw\u00e4hnt wurde vom Pr\u00fcfer Uwe Drechsel, II.DAN, die Leistung von Luisa Noack. Diese konnte sich nach anf\u00e4nglichen gro\u00dfen Startschwierigkeiten in der Vorbereitung aufrappeln und zeigte zur Pr\u00fcfung eine der besten Leistungen. An alle Pr\u00fcflinge einen herzlichen Gl\u00fcckwunsch von den Trainern und macht es ihnen n\u00e4chstes Jahr nicht wieder so schwer!<\/p>\n<p>Folgende Judoka haben das Recht und die Pflicht folgenden G\u00fcrtel zu tragen:<\/p>\n<p>VII.Kyu (gelber G\u00fcrtel)\u00a0\u00a0\u00a0\u00a0\u00a0\u00a0\u00a0\u00a0\u00a0\u00a0 \u00a0\u00a0\u00a0\u00a0\u00a0\u00a0\u00a0\u00a0\u00a0\u00a0\u00a0 &#8211; Jill Meyer, Emanuel R\u00f6\u00dfler<\/p>\n<p>VI.Kyu (gelb\/ oranger G\u00fcrtel)\u00a0\u00a0\u00a0\u00a0\u00a0\u00a0\u00a0\u00a0\u00a0\u00a0\u00a0 &#8211; Sebastian Schuffenhauer, Robert\u00a0Drescher<\/p>\n<p>V.Kyu (oranger G\u00fcrtel)\u00a0\u00a0\u00a0\u00a0\u00a0\u00a0\u00a0\u00a0\u00a0\u00a0\u00a0\u00a0\u00a0\u00a0\u00a0\u00a0\u00a0\u00a0\u00a0\u00a0\u00a0\u00a0 &#8211; Luisa Noack<\/p>\n","protected":false},"excerpt":{"rendered":"<p>2.G\u00fcrtelpr\u00fcfung erfolgreich Am Montag, dem 29.November, legten 5 unserer M\u00e4dchen und Jungen\u00a0 erfolgreich ihre Pr\u00fcfung zum n\u00e4chst h\u00f6heren Kyu-Grad ab. Alle Judoka hatten sich intensiv bis zu 12 Monate darauf vorbereitet. Lobend erw\u00e4hnt wurde vom Pr\u00fcfer Uwe Drechsel, II.DAN, die Leistung von Luisa Noack. Diese konnte sich nach anf\u00e4nglichen gro\u00dfen Startschwierigkeiten in der Vorbereitung aufrappeln und zeigte zur Pr\u00fcfung eine [&hellip;]<\/p>\n","protected":false},"author":3,"featured_media":0,"comment_status":"closed","ping_status":"closed","sticky":false,"template":"","format":"standard","meta":{"ngg_post_thumbnail":0,"footnotes":""},"categories":[3],"tags":[],"class_list":["post-1106","post","type-post","status-publish","format-standard","hentry","category-ergebnisse"],"_links":{"self":[{"href":"https:\/\/www.judoclub-gornau.de\/index.php?rest_route=\/wp\/v2\/posts\/1106"}],"collection":[{"href":"https:\/\/www.judoclub-gornau.de\/index.php?rest_route=\/wp\/v2\/posts"}],"about":[{"href":"https:\/\/www.judoclub-gornau.de\/index.php?rest_route=\/wp\/v2\/types\/post"}],"author":[{"embeddable":true,"href":"https:\/\/www.judoclub-gornau.de\/index.php?rest_route=\/wp\/v2\/users\/3"}],"replies":[{"embeddable":true,"href":"https:\/\/www.judoclub-gornau.de\/index.php?rest_route=%2Fwp%2Fv2%2Fcomments&post=1106"}],"version-history":[{"count":8,"href":"https:\/\/www.judoclub-gornau.de\/index.php?rest_route=\/wp\/v2\/posts\/1106\/revisions"}],"predecessor-version":[{"id":1125,"href":"https:\/\/www.judoclub-gornau.de\/index.php?rest_route=\/wp\/v2\/posts\/1106\/revisions\/1125"}],"wp:attachment":[{"href":"https:\/\/www.judoclub-gornau.de\/index.php?rest_route=%2Fwp%2Fv2%2Fmedia&parent=1106"}],"wp:term":[{"taxonomy":"category","embeddable":true,"href":"https:\/\/www.judoclub-gornau.de\/index.php?rest_route=%2Fwp%2Fv2%2Fcategories&post=1106"},{"taxonomy":"post_tag","embeddable":true,"href":"https:\/\/www.judoclub-gornau.de\/index.php?rest_route=%2Fwp%2Fv2%2Ftags&post=1106"}],"curies":[{"name":"wp","href":"https:\/\/api.w.org\/{rel}","templated":true}]}}