{"id":1163,"date":"2011-01-16T14:50:06","date_gmt":"2011-01-16T12:50:06","guid":{"rendered":"http:\/\/www.judoclub-gornau.de\/?p=1163"},"modified":"2015-02-02T14:29:51","modified_gmt":"2015-02-02T12:29:51","slug":"bem-u17-und-sparkassenpokal-in-jena","status":"publish","type":"post","link":"https:\/\/www.judoclub-gornau.de\/?p=1163","title":{"rendered":"BEM U17 und Sparkassenpokal in Jena"},"content":{"rendered":"<p align=\"center\"><strong>Durchwachsenes Wochenende f\u00fcr Gornauer Judoka<\/strong><\/p>\n<p>Die diesj\u00e4hrige Bezirkseinzelmeisterschaft der M\u00e4dchen und Jungen der Altersklasse U17 lief f\u00fcr\u00a0unsere Aktiven nicht gerade optimal. In der Halle des Chemnitzer PSC Budo e.V. erk\u00e4mpfte sich Theresa Wirbs (-57kg) bei diesem Meisterschaften zwar die Bronzemedaille, verletzte sich jedoch in ihrer letzten Begegnung derma\u00dfen schwer, sodass ihre Teilnahme bei den Landeseinzelmeisterschaften am 29.Januar in Bischofswerda in den Sternen steht.<\/p>\n<p>Danilo Noack (-60kg) schaffte es mit sehr guten Leistungen bis zum Kampf um den Einzug ins Finale, wo er jedoch etwas ungl\u00fccklich den K\u00fcrzeren zog und in der Hoffnungsrunde nur noch um Bronze k\u00e4mpfen konnte. Hier traf er auf den Chemnitzer Uhle vom PSV, lag nach Punkten vorn und hatte das Ticket zur LEM schon so gut wie in der Tasche, als er am Boden in eine W\u00fcrgetechnik geriet und nach langem Str\u00e4uben dann doch aufgeben musste.<\/p>\n<p>Die beiden Neulinge in der U17 auf Gornauer Seite, David Meyer (-46kg) und Sebastian Schuffenhauer (-55kg), zeigten als Einstand in dieser AK keine schlechten Leistungen. Besonders David Meyer konnte mit einem 5.Platz Achtungspunkte setzen und in den n\u00e4chsten Trainingseinheiten wird er sicher den einen oder anderen Schwachpunkt noch beseitigen k\u00f6nnen.<\/p>\n<p>Etwas besser lief es beim Sparkassenpokal in Jena f\u00fcr die Gornauer Judoka. Hier standen in der Altersklasse U14 2 M\u00e4dchen und 4 Jungen von uns auf der Tatami. Insgesamt waren bei diesem internationalen Turnier ca. 400 Judoka aus \u00d6sterreich, D\u00e4nemark, Tschechien, Polen und Deutschland in den Altersklassen U14 und U17 am Start.<\/p>\n<p>Bei den M\u00e4dchen erk\u00e4mpfte sich Lea Reuter (-33kg) den 7.Platz und Jennifer Tiltack (-48kg) verpasste mit Rang 5 Bronze nur ganz knapp.<\/p>\n<p>Bei den Jungen sicherte sich Kevin W\u00e4chtler (-60kg) souver\u00e4n die Goldmedaille von insgesamt 10 Startern in seiner Gewichtsklasse. Er verlie\u00df die Matte meist nach sehr kurzer Zeit, 12-17 Sekunden, als Sieger.\u00a0 Die zweite Medaille f\u00fcr Gornau erk\u00e4mpfte Jakob Lindner in der Gewichtsklasse \u2013 43kg.\u00a0 Er musste sich hier gegen insgesamt 20 Teilnehmer durchsetzen und zeigte eine sehr gute Leistung. F\u00fcr Richard Fiedler (-40kg), sonst eine sicherer Bank f\u00fcr Gornau in Sachen Medaillen, lief es in Jena jedoch nicht ganz so gut. Am Ende reichte es \u201enur\u201c f\u00fcr den 9.Platz von 25 Teilnehmern. Theodor R\u00f6\u00dfler (-37kg) zog bei diesem Turnier auch den K\u00fcrzeren und stand am Ende nicht auf dem Treppchen.<\/p>\nngg_shortcode_0_placeholder\n","protected":false},"excerpt":{"rendered":"<p>Durchwachsenes Wochenende f\u00fcr Gornauer Judoka Die diesj\u00e4hrige Bezirkseinzelmeisterschaft der M\u00e4dchen und Jungen der Altersklasse U17 lief f\u00fcr\u00a0unsere Aktiven nicht gerade optimal. In der Halle des Chemnitzer PSC Budo e.V. erk\u00e4mpfte sich Theresa Wirbs (-57kg) bei diesem Meisterschaften zwar die Bronzemedaille, verletzte sich jedoch in ihrer letzten Begegnung derma\u00dfen schwer, sodass ihre Teilnahme bei den Landeseinzelmeisterschaften am 29.Januar in Bischofswerda in [&hellip;]<\/p>\n","protected":false},"author":3,"featured_media":0,"comment_status":"closed","ping_status":"closed","sticky":false,"template":"","format":"standard","meta":{"ngg_post_thumbnail":0,"footnotes":""},"categories":[3],"tags":[],"class_list":["post-1163","post","type-post","status-publish","format-standard","hentry","category-ergebnisse"],"_links":{"self":[{"href":"https:\/\/www.judoclub-gornau.de\/index.php?rest_route=\/wp\/v2\/posts\/1163"}],"collection":[{"href":"https:\/\/www.judoclub-gornau.de\/index.php?rest_route=\/wp\/v2\/posts"}],"about":[{"href":"https:\/\/www.judoclub-gornau.de\/index.php?rest_route=\/wp\/v2\/types\/post"}],"author":[{"embeddable":true,"href":"https:\/\/www.judoclub-gornau.de\/index.php?rest_route=\/wp\/v2\/users\/3"}],"replies":[{"embeddable":true,"href":"https:\/\/www.judoclub-gornau.de\/index.php?rest_route=%2Fwp%2Fv2%2Fcomments&post=1163"}],"version-history":[{"count":6,"href":"https:\/\/www.judoclub-gornau.de\/index.php?rest_route=\/wp\/v2\/posts\/1163\/revisions"}],"predecessor-version":[{"id":2895,"href":"https:\/\/www.judoclub-gornau.de\/index.php?rest_route=\/wp\/v2\/posts\/1163\/revisions\/2895"}],"wp:attachment":[{"href":"https:\/\/www.judoclub-gornau.de\/index.php?rest_route=%2Fwp%2Fv2%2Fmedia&parent=1163"}],"wp:term":[{"taxonomy":"category","embeddable":true,"href":"https:\/\/www.judoclub-gornau.de\/index.php?rest_route=%2Fwp%2Fv2%2Fcategories&post=1163"},{"taxonomy":"post_tag","embeddable":true,"href":"https:\/\/www.judoclub-gornau.de\/index.php?rest_route=%2Fwp%2Fv2%2Ftags&post=1163"}],"curies":[{"name":"wp","href":"https:\/\/api.w.org\/{rel}","templated":true}]}}