{"id":1179,"date":"2011-02-02T12:45:02","date_gmt":"2011-02-02T10:45:02","guid":{"rendered":"http:\/\/www.judoclub-gornau.de\/?p=1179"},"modified":"2015-02-02T14:29:37","modified_gmt":"2015-02-02T12:29:37","slug":"judo-camp-2011","status":"publish","type":"post","link":"https:\/\/www.judoclub-gornau.de\/?p=1179","title":{"rendered":"JUDO-CAMP 2011"},"content":{"rendered":"<p><strong>Beschreibung Judo Camp 2011<\/strong><\/p>\n<p><strong>\u00a0<\/strong><\/p>\n<p>Das nun mittlerweile zur Tradition und zum j\u00e4hrlichen H\u00f6hepunkt gewordene Feriencamp des Judo Club-Gornau findet vom 09.07.2011 bis 13.07.2011 als Zeltlager in der Gemeinde Gornau &#8211; Freibadgel\u00e4nde statt. Damit haben wir wieder die idealen Bedingungen gefunden. Dank an die Gemeindeverwaltung von Gornau, die uns dabei immer wieder unterst\u00fctzt. Der Aufbau beginnt bereits am 08.07. ab 15.00 Uhr. \u00a0Die Anreise der Kinder erfolgt am 09.07. um 08.00 Uhr. Der Abbau erfolgt durch alle gemeinsam am 13.07. nach dem Fr\u00fchst\u00fcck und soll bis 13.00 Uhr abgeschlossen sein.<\/p>\n<p>Ziele des Feriencamps sind vor allem Spa\u00df, Sport und Spiel gemeinsam zu erleben, Entspannung zu finden, aber auch judotypische Erlebnisse zu haben. Es werden wieder lustige<\/p>\n<p>Abenteuer und auch eine Judopr\u00fcfung zu bestehen sein.<\/p>\n<p>Dazu steht wieder ein erfahrenes Team an Jugendleitern und Trainern zur Verf\u00fcgung.<\/p>\n<p>Das Besondere an der Arbeit unseres Vereins, ist die enge und intensive\u00a0 Zusammenarbeit mit den Eltern unserer Judokinder.<\/p>\n<p>Auch in diesem Jahr beteiligen sich wieder viele Eltern an der Vorbereitung, Durchf\u00fchrung und Nachbereitung des Zeltlagers.<\/p>\n<p>Vielen herzlichen Dank daf\u00fcr.<\/p>\n<p>Die Vorbereitungen f\u00fcr das Camp haben bereits im Vorstand und mit ersten Absprachen begonnen.<\/p>\n<p>Wir rechnen wieder mit einer regen Teilnahme wie im vergangenen Jahr &#8211; ca. 60 Teilnehmer, davon ca. 45 Kinder, Jugendliche und junge Erwachsene.<\/p>\n<p>Es findet wieder eine Elternberatung am 26.03.2011 um 10.00 Uhr in unserer Halle statt und weitere Vorbereitungstreffen f\u00fcr das Betreuerteam am 07.05. und 25.06. Im Herbst wird es eine Auswertung und einen Ausblick auf das n\u00e4chste Jahr geben.<\/p>\n<p>Wir hoffen wie immer, dass das Feriencamp sehr intensiv von der B\u00fcrgermeisterin der Gemeinde Gornau und der Freiwilligen Feuerwehr Gornau und Marienberg unterst\u00fctzt wird. Wir gehen davon aus, dass wir die n\u00f6tige Unterst\u00fctzung auch weiter bekommen werden.<\/p>\n<p>Der Teilnehmerbeitrag von 40 \u20ac, Mittel des Vereins und F\u00f6rdermittel des Landkreises Erzgebirge sind n\u00f6tig, um die Finanzierung zu sichern.<\/p>\n<p>Wir bitten darum, den Teilnehmerbeitrag umgehend auf das Konto des Vereins zu \u00fcberweisen<\/p>\n<p>und wie in einem Anschreiben an die Eltern und Vereinsmitglieder bereits mitgeteilt,<\/p>\n<p>die in diesem Jahr zus\u00e4tzlichen Kosten f\u00fcr das T-Shirt in H\u00f6he zu entrichten.<\/p>\n<p>Wir sind auch dankbar f\u00fcr jede Spende, die f\u00fcr diesen H\u00f6hepunkt des Jahres eingeht.<\/p>\n<p>&nbsp;<\/p>\n<p>In der Homepage unseres Vereins \u2013 <a href=\"http:\/\/www.judoclub-gornau.de\/\">www.judoclub-gornau.de<\/a> lassen sich jede Menge<\/p>\n<p>Informationen und auch Bilder von den Feriencamps der vergangenen Jahre nachschauen.<\/p>\n<p>Viel Spa\u00df dabei.<\/p>\n<p>&nbsp;<\/p>\n<p>&nbsp;<\/p>\n<p>Zschopau, der 02.02.2011<\/p>\n<p>&nbsp;<\/p>\n<p>Der Vorstand und die Verantwortlichen des Feriencamps<\/p>\n<p>&nbsp;<\/p>\n<p>Reimar Sesser, Stephan Henz und Enrico T\u00e4ndler<\/p>\n<p>( Erreichbarkeit \u00fcber <a href=\"http:\/\/www.judoclub-gornau.de\/\">www.judoclub-gornau.de<\/a> )<\/p>\n<p>E-Mail\u00a0 Enrico T\u00e4ndler\u00a0\u00a0\u00a0 <a href=\"mailto:chef@judoclub-gornau.de\">chef@judoclub-gornau.de<\/a><\/p>\n<p>Reimar Sesser\u00a0\u00a0\u00a0 <a href=\"mailto:Reimar.Sesser@judoclub-gornau.de\">Reimar.Sesser@judoclub-gornau.de<\/a><\/p>\n","protected":false},"excerpt":{"rendered":"<p>Beschreibung Judo Camp 2011 \u00a0 Das nun mittlerweile zur Tradition und zum j\u00e4hrlichen H\u00f6hepunkt gewordene Feriencamp des Judo Club-Gornau findet vom 09.07.2011 bis 13.07.2011 als Zeltlager in der Gemeinde Gornau &#8211; Freibadgel\u00e4nde statt. Damit haben wir wieder die idealen Bedingungen gefunden. Dank an die Gemeindeverwaltung von Gornau, die uns dabei immer wieder unterst\u00fctzt. Der Aufbau beginnt bereits am 08.07. ab [&hellip;]<\/p>\n","protected":false},"author":3,"featured_media":0,"comment_status":"closed","ping_status":"closed","sticky":false,"template":"","format":"standard","meta":{"ngg_post_thumbnail":0,"footnotes":""},"categories":[3],"tags":[],"class_list":["post-1179","post","type-post","status-publish","format-standard","hentry","category-ergebnisse"],"_links":{"self":[{"href":"https:\/\/www.judoclub-gornau.de\/index.php?rest_route=\/wp\/v2\/posts\/1179"}],"collection":[{"href":"https:\/\/www.judoclub-gornau.de\/index.php?rest_route=\/wp\/v2\/posts"}],"about":[{"href":"https:\/\/www.judoclub-gornau.de\/index.php?rest_route=\/wp\/v2\/types\/post"}],"author":[{"embeddable":true,"href":"https:\/\/www.judoclub-gornau.de\/index.php?rest_route=\/wp\/v2\/users\/3"}],"replies":[{"embeddable":true,"href":"https:\/\/www.judoclub-gornau.de\/index.php?rest_route=%2Fwp%2Fv2%2Fcomments&post=1179"}],"version-history":[{"count":12,"href":"https:\/\/www.judoclub-gornau.de\/index.php?rest_route=\/wp\/v2\/posts\/1179\/revisions"}],"predecessor-version":[{"id":2443,"href":"https:\/\/www.judoclub-gornau.de\/index.php?rest_route=\/wp\/v2\/posts\/1179\/revisions\/2443"}],"wp:attachment":[{"href":"https:\/\/www.judoclub-gornau.de\/index.php?rest_route=%2Fwp%2Fv2%2Fmedia&parent=1179"}],"wp:term":[{"taxonomy":"category","embeddable":true,"href":"https:\/\/www.judoclub-gornau.de\/index.php?rest_route=%2Fwp%2Fv2%2Fcategories&post=1179"},{"taxonomy":"post_tag","embeddable":true,"href":"https:\/\/www.judoclub-gornau.de\/index.php?rest_route=%2Fwp%2Fv2%2Ftags&post=1179"}],"curies":[{"name":"wp","href":"https:\/\/api.w.org\/{rel}","templated":true}]}}