{"id":1279,"date":"2011-05-17T06:46:38","date_gmt":"2011-05-17T04:46:38","guid":{"rendered":"http:\/\/www.judoclub-gornau.de\/?p=1279"},"modified":"2015-02-02T14:27:34","modified_gmt":"2015-02-02T12:27:34","slug":"gornauer-judoka-setzen-achtungszeichen-bei-mdem","status":"publish","type":"post","link":"https:\/\/www.judoclub-gornau.de\/?p=1279","title":{"rendered":"Gornauer Judoka setzen Achtungszeichen bei MDEM"},"content":{"rendered":"<p><strong>Gornauer Judoka schlagen sich tapfer bei MDEM<\/strong><\/p>\n<p>Unsere\u00a0M\u00e4dchen und Jungen der Altersklasse U14 konnten bei den am 14.Mai 2011 in Leipzig ausgetragenen Mitteldeutschen Einzelmeisterschaften Achtungszeichen setzen.<\/p>\n<p>Lea Reuter (-33kg) und Jennifer Tiltack (-48kg) schafften zwar keine Platzierung auf den Medaillenr\u00e4ngen, zeigten jedoch, laut Uwe Drechsel, ihrem Trainer, Biss und gute Techniken. Am Ende stand ein respektabler 7.Platz bei Beiden zu Buche.<\/p>\n<p>Theodor R\u00f6\u00dfler (-38kg) k\u00e4mpfte sich durch Siege \u00fcber Walther (Wittenberg) und Muchina (Jena) bis zum Einzug ins Finale. Hier traf er auf Brehm (Wanzleben, Landesmeister SA) und dieser bremste seinen Vormarsch. In der Hoffnungsrunde traf er dann im Kampf um Bronze auf Gretsch (Schwarza, Landesmeister Th.). Auch hier zog er leider den K\u00fcrzeren und musste sich mit Rang 5 begn\u00fcgen.<\/p>\n<p>Richard Fiedler (-40kg) erging es \u00e4hnlich. Er schaffte es auch bis zum Kampf um den Einzug ins Finale und konnte auf dem Weg dahin unter anderem auch den Th\u00fcringer Landesmeister Oliver Schulz durch O-Uchi-Gari bezwingen. Im Kampf um den Einzug ins Finale war Sch\u00e4dlich (Halle, Landesmeister SA) jedoch einen Tick besser. Im kleinen Finale musste sich Richard dann noch Theo Eschrich (Sch\u00f6nebeck) geschlagen geben. So reichte es am Ende auch \u201enur\u201c zu Rang 5.<\/p>\n<p>UnsereTrainer\u00a0sind jedoch mit der Leistung ihrer Sch\u00fctzlinge durchaus zufrieden. \u201eMit der einen oder anderen Technik und etwas mehr Gl\u00fcck, w\u00e4re durchaus eine Medaille f\u00fcr den Einen oder Anderen drin gewesen\u201c so Uwe Drechsel, welcher bei diesem Turnier als Kampfrichter auf der Matte stand.<\/p>\n","protected":false},"excerpt":{"rendered":"<p>Gornauer Judoka schlagen sich tapfer bei MDEM Unsere\u00a0M\u00e4dchen und Jungen der Altersklasse U14 konnten bei den am 14.Mai 2011 in Leipzig ausgetragenen Mitteldeutschen Einzelmeisterschaften Achtungszeichen setzen. Lea Reuter (-33kg) und Jennifer Tiltack (-48kg) schafften zwar keine Platzierung auf den Medaillenr\u00e4ngen, zeigten jedoch, laut Uwe Drechsel, ihrem Trainer, Biss und gute Techniken. Am Ende stand ein respektabler 7.Platz bei Beiden zu [&hellip;]<\/p>\n","protected":false},"author":3,"featured_media":0,"comment_status":"closed","ping_status":"closed","sticky":false,"template":"","format":"standard","meta":{"ngg_post_thumbnail":0,"footnotes":""},"categories":[3],"tags":[84,50,105,18],"class_list":["post-1279","post","type-post","status-publish","format-standard","hentry","category-ergebnisse","tag-84","tag-leipzig","tag-mdem","tag-u14"],"_links":{"self":[{"href":"https:\/\/www.judoclub-gornau.de\/index.php?rest_route=\/wp\/v2\/posts\/1279"}],"collection":[{"href":"https:\/\/www.judoclub-gornau.de\/index.php?rest_route=\/wp\/v2\/posts"}],"about":[{"href":"https:\/\/www.judoclub-gornau.de\/index.php?rest_route=\/wp\/v2\/types\/post"}],"author":[{"embeddable":true,"href":"https:\/\/www.judoclub-gornau.de\/index.php?rest_route=\/wp\/v2\/users\/3"}],"replies":[{"embeddable":true,"href":"https:\/\/www.judoclub-gornau.de\/index.php?rest_route=%2Fwp%2Fv2%2Fcomments&post=1279"}],"version-history":[{"count":7,"href":"https:\/\/www.judoclub-gornau.de\/index.php?rest_route=\/wp\/v2\/posts\/1279\/revisions"}],"predecessor-version":[{"id":1425,"href":"https:\/\/www.judoclub-gornau.de\/index.php?rest_route=\/wp\/v2\/posts\/1279\/revisions\/1425"}],"wp:attachment":[{"href":"https:\/\/www.judoclub-gornau.de\/index.php?rest_route=%2Fwp%2Fv2%2Fmedia&parent=1279"}],"wp:term":[{"taxonomy":"category","embeddable":true,"href":"https:\/\/www.judoclub-gornau.de\/index.php?rest_route=%2Fwp%2Fv2%2Fcategories&post=1279"},{"taxonomy":"post_tag","embeddable":true,"href":"https:\/\/www.judoclub-gornau.de\/index.php?rest_route=%2Fwp%2Fv2%2Ftags&post=1279"}],"curies":[{"name":"wp","href":"https:\/\/api.w.org\/{rel}","templated":true}]}}