{"id":1419,"date":"2011-08-27T16:11:24","date_gmt":"2011-08-27T14:11:24","guid":{"rendered":"http:\/\/www.judoclub-gornau.de\/?p=1419"},"modified":"2015-02-02T14:26:23","modified_gmt":"2015-02-02T12:26:23","slug":"10-herbstkrumelrandori-ist-geschichte","status":"publish","type":"post","link":"https:\/\/www.judoclub-gornau.de\/?p=1419","title":{"rendered":"10.Herbstkr\u00fcmelrandori ist Geschichte"},"content":{"rendered":"<p>Leider ohne Gold, aber daf\u00fcr mit 3x Silber und 1x Bronze, traten unsere \u201eKr\u00fcmel\u201c die R\u00fcckreise aus Breitenbrunn am 27.August 2011 an. Bei der 10.Auflage des Herbstkr\u00fcmelrandori waren, bedingt durch den kurzfristigen Termin nach den Sommerferien, nur 5 Vereine mit insgesamt 43 Judoka vertreten. Trotz der niedrigen Teilnehmerzahl war diese Art von Turnier eine gute Generalprobe f\u00fcr alle Anwesenden f\u00fcr den Rest der Wettkampfsaison.<\/p>\n<p>Je einmal Silber holten die Zwillinge Maxine und Justin Fritzsche f\u00fcr den Gornauer JC. Beide zeigten sehr gute Leistungen und mussten sich jeweils nur der sp\u00e4teren Sieger ihrer Gewichtsklassen geschlagen geben. Eine weitere Silbermedaille sicherte sich Lukas B\u00e4hr. Mit etwas mehr Training in Sachen Bodenkampf ist demn\u00e4chst auch mit Gold von seiner Seite aus zu rechnen.<\/p>\n<p>Mit Bronze dekorieren konnte sich Ben Ernst. Es war sein erster Wettkampf und daf\u00fcr hat er sich ganz achtbar geschlagen. Auch bei ihm waren einige Trainingsdefizite zu verzeichnen, aber das ist bei 1x Training nach den Sommerferien und dann zum Wettkampf ganz normal.<\/p>\n<p>Mit einem undankbaren 4 Platz und somit ohne Medaille mussten Ronan Monai und Jason Walter die Heimreise antreten. Beide zeigten eigentlich gute Leistungen aber es hat diesmal eben nicht gereicht. Dazu muss man sagen, f\u00fcr Jason war es der erste Wettkampf \u00fcberhaupt und daf\u00fcr hat er sich ganz achtbar geschlagen. Nat\u00fcrlich zahlt man bei den ersten Turnieren immer Lehrgeld, das ist wahrscheinlich in jeder Sportart so.<\/p>\nngg_shortcode_0_placeholder\n","protected":false},"excerpt":{"rendered":"<p>Leider ohne Gold, aber daf\u00fcr mit 3x Silber und 1x Bronze, traten unsere \u201eKr\u00fcmel\u201c die R\u00fcckreise aus Breitenbrunn am 27.August 2011 an. Bei der 10.Auflage des Herbstkr\u00fcmelrandori waren, bedingt durch den kurzfristigen Termin nach den Sommerferien, nur 5 Vereine mit insgesamt 43 Judoka vertreten. Trotz der niedrigen Teilnehmerzahl war diese Art von Turnier eine gute Generalprobe f\u00fcr alle Anwesenden f\u00fcr [&hellip;]<\/p>\n","protected":false},"author":3,"featured_media":0,"comment_status":"closed","ping_status":"closed","sticky":false,"template":"","format":"standard","meta":{"ngg_post_thumbnail":0,"footnotes":""},"categories":[3],"tags":[84,63,60],"class_list":["post-1419","post","type-post","status-publish","format-standard","hentry","category-ergebnisse","tag-84","tag-breitenbrunn","tag-u10"],"_links":{"self":[{"href":"https:\/\/www.judoclub-gornau.de\/index.php?rest_route=\/wp\/v2\/posts\/1419"}],"collection":[{"href":"https:\/\/www.judoclub-gornau.de\/index.php?rest_route=\/wp\/v2\/posts"}],"about":[{"href":"https:\/\/www.judoclub-gornau.de\/index.php?rest_route=\/wp\/v2\/types\/post"}],"author":[{"embeddable":true,"href":"https:\/\/www.judoclub-gornau.de\/index.php?rest_route=\/wp\/v2\/users\/3"}],"replies":[{"embeddable":true,"href":"https:\/\/www.judoclub-gornau.de\/index.php?rest_route=%2Fwp%2Fv2%2Fcomments&post=1419"}],"version-history":[{"count":7,"href":"https:\/\/www.judoclub-gornau.de\/index.php?rest_route=\/wp\/v2\/posts\/1419\/revisions"}],"predecessor-version":[{"id":1434,"href":"https:\/\/www.judoclub-gornau.de\/index.php?rest_route=\/wp\/v2\/posts\/1419\/revisions\/1434"}],"wp:attachment":[{"href":"https:\/\/www.judoclub-gornau.de\/index.php?rest_route=%2Fwp%2Fv2%2Fmedia&parent=1419"}],"wp:term":[{"taxonomy":"category","embeddable":true,"href":"https:\/\/www.judoclub-gornau.de\/index.php?rest_route=%2Fwp%2Fv2%2Fcategories&post=1419"},{"taxonomy":"post_tag","embeddable":true,"href":"https:\/\/www.judoclub-gornau.de\/index.php?rest_route=%2Fwp%2Fv2%2Ftags&post=1419"}],"curies":[{"name":"wp","href":"https:\/\/api.w.org\/{rel}","templated":true}]}}