{"id":1500,"date":"2011-10-04T18:32:19","date_gmt":"2011-10-04T16:32:19","guid":{"rendered":"http:\/\/www.judoclub-gornau.de\/?p=1500"},"modified":"2015-02-02T14:24:36","modified_gmt":"2015-02-02T12:24:36","slug":"bezirkseinzelmeisterschaft-2011","status":"publish","type":"post","link":"https:\/\/www.judoclub-gornau.de\/?p=1500","title":{"rendered":"Bezirkseinzelmeisterschaft 2011"},"content":{"rendered":"<p><strong>Zwei Gornauer auf Podest<\/strong><\/p>\n<p>Bei den diesj\u00e4hrigen Bezirkseinzelmeisterschaften der M\u00e4dchen und Jungen der Altersklasse U12 am 1.Oktober in Rodewisch konnten Georg M\u00fcller (-55kg) und Dennis Werle (+55kg) f\u00fcr\u00a0uns \u00a0jeweils Bronze erk\u00e4mpfen. Beide zeigten keine schlechten Leistungen und sicherten sich mit diesen Medaillen auch wieder Punkte in der Einzelwertung ihres Vereins.<\/p>\n<p>Unser dritter Starter, Ronan Monai (-34kg), kam leider nicht \u00fcber die Vorrunde hinaus und belegte am Ende Platz 9 von 14 Teilnehmern. Ronan Monai und auch Dennis Werle sind beide noch relativ Wettkampf unerfahren und von daher ist ihre Platzierung durchaus zufrieden stellend, so der Betreuer und Trainer Reimar Sesser.<\/p>\nngg_shortcode_0_placeholder\n","protected":false},"excerpt":{"rendered":"<p>Zwei Gornauer auf Podest Bei den diesj\u00e4hrigen Bezirkseinzelmeisterschaften der M\u00e4dchen und Jungen der Altersklasse U12 am 1.Oktober in Rodewisch konnten Georg M\u00fcller (-55kg) und Dennis Werle (+55kg) f\u00fcr\u00a0uns \u00a0jeweils Bronze erk\u00e4mpfen. Beide zeigten keine schlechten Leistungen und sicherten sich mit diesen Medaillen auch wieder Punkte in der Einzelwertung ihres Vereins. Unser dritter Starter, Ronan Monai (-34kg), kam leider nicht \u00fcber [&hellip;]<\/p>\n","protected":false},"author":3,"featured_media":0,"comment_status":"closed","ping_status":"closed","sticky":false,"template":"","format":"standard","meta":{"ngg_post_thumbnail":0,"footnotes":""},"categories":[3],"tags":[84,17,19,43],"class_list":["post-1500","post","type-post","status-publish","format-standard","hentry","category-ergebnisse","tag-84","tag-bem","tag-rodewisch","tag-u12"],"_links":{"self":[{"href":"https:\/\/www.judoclub-gornau.de\/index.php?rest_route=\/wp\/v2\/posts\/1500"}],"collection":[{"href":"https:\/\/www.judoclub-gornau.de\/index.php?rest_route=\/wp\/v2\/posts"}],"about":[{"href":"https:\/\/www.judoclub-gornau.de\/index.php?rest_route=\/wp\/v2\/types\/post"}],"author":[{"embeddable":true,"href":"https:\/\/www.judoclub-gornau.de\/index.php?rest_route=\/wp\/v2\/users\/3"}],"replies":[{"embeddable":true,"href":"https:\/\/www.judoclub-gornau.de\/index.php?rest_route=%2Fwp%2Fv2%2Fcomments&post=1500"}],"version-history":[{"count":10,"href":"https:\/\/www.judoclub-gornau.de\/index.php?rest_route=\/wp\/v2\/posts\/1500\/revisions"}],"predecessor-version":[{"id":1503,"href":"https:\/\/www.judoclub-gornau.de\/index.php?rest_route=\/wp\/v2\/posts\/1500\/revisions\/1503"}],"wp:attachment":[{"href":"https:\/\/www.judoclub-gornau.de\/index.php?rest_route=%2Fwp%2Fv2%2Fmedia&parent=1500"}],"wp:term":[{"taxonomy":"category","embeddable":true,"href":"https:\/\/www.judoclub-gornau.de\/index.php?rest_route=%2Fwp%2Fv2%2Fcategories&post=1500"},{"taxonomy":"post_tag","embeddable":true,"href":"https:\/\/www.judoclub-gornau.de\/index.php?rest_route=%2Fwp%2Fv2%2Ftags&post=1500"}],"curies":[{"name":"wp","href":"https:\/\/api.w.org\/{rel}","templated":true}]}}