{"id":1990,"date":"2013-01-13T19:29:51","date_gmt":"2013-01-13T17:29:51","guid":{"rendered":"http:\/\/www.judoclub-gornau.de\/?p=1990"},"modified":"2015-02-02T14:15:19","modified_gmt":"2015-02-02T12:15:19","slug":"gutes-abschneider-unserer-kampfer-beim-jenaer-sparkassen-pokal","status":"publish","type":"post","link":"https:\/\/www.judoclub-gornau.de\/?p=1990","title":{"rendered":"Gutes Abschneider unserer K\u00e4mpfer beim Jenaer Sparkassen-Pokal"},"content":{"rendered":"<p>Mit mehreren Medaillen, leider kein Gold, kehrten\u00a0unsereWettk\u00e4mpfer der U12\/ U15 \/U18 vom Internationalen Sparkassen-Pokal 2013 aus Jena zur\u00fcck.<\/p>\n<p>Am Sonnabend, 12.01.2013, \u00a0hie\u00df es f\u00fcr die Jungen und M\u00e4dchen der Altersklassen U2 und U15 \u201eHajime\u201c. In der U12 sicherte sich Patricia Sprunk (-30kg) durch Siege \u00fcber Lilly Grippa (Berlin) und Johanna von Ramin (M\u00fcnchberg) die Silbermedaille. Fabian Rauer (-38kg), der zweite Gornauer in dieser Altersklasse, begann seine Wettkampfserie recht viel versprechend mit einem Sieg \u00fcber Paul R\u00e4ubig (Riesa), traf dann jedoch auf John-Pierre L\u00f6we (Minden), dem sp\u00e4teren Sieger in der Gewichtsklasse, und verlor. In der Hoffnungsrunde bezwang er zwar noch Louis Quaiser (Wanzleben) zog dann jedoch gegen Niklas Morgner (Ippon Rodewisch) den K\u00fcrzeren und belegt am Ende Rang 7 von 17 Teilnehmern.<\/p>\n<p>Bei den Judoka der Altersklasse U15 standen f\u00fcr\u00a0uns Linus Thriemer (-34kg) und Theodor R\u00f6\u00dfler (-50kg) auf der Matte. F\u00fcr Linus war es der erste gr\u00f6\u00dfere Wettkampf \u00fcberhaupt und er musste nach verlorenen K\u00e4mpfen gegen Rada (Teplice) und Krippe (Jena) aus dem Wettkampfgeschehen ausscheiden.<\/p>\n<p>Unser 2.Starter in dieser Altersklasse, Theodor R\u00f6\u00dfler, verlor in seiner Gewichtsklasse nur die Begegnung gegen den sp\u00e4teren Sieger, Jonas Deregowski (Stotternheim). Da es jedoch der erste Kampf war, musste unser Judoka in die Hoffnungsrunde, wo er noch maximal Bronze erk\u00e4mpfen konnte. Diese Aufgabe meisterte Theodor mit Siegen \u00fcber Lukas Olewinski (Riesa), Denis Asenke (Anhalt Zerbst), Tom Plexnies (Wanzleben), Elias Tehel (Rodewisch)\u00a0und Florian Schwope vom Gastgeber, dem JC Jena.<\/p>\n<p>Am Sonntag, 13.01.2013,\u00a0ging es in der Altersklasse U18 zur Sache. F\u00fcr Jakob Lindner (-55kg) reichte es dieses Mal leider nicht f\u00fcr einen Medaillenrang. Er belegte am Ende, trotz hohem Einsatz nur Rang9.<\/p>\n<p>Michael Haas (-90kg) bunkerte in seiner Gewichtsklasse eine Bronzemedaille f\u00fcr den Medaillenspiegel unserer Judoka. Er musste sich nur gegen Constantin Strube (Halle) und Dominik Sch\u00f6nefeld (Sonneberg) geschlagen geben.<\/p>\n<p>Insgesamt ein gutes Abschneiden unserer Wettk\u00e4mpfer bei diesem hochklassisch besetzten Turnier, an welchem 87 Vereine aus 3 L\u00e4ndern teilgenommen haben.<\/p>\nngg_shortcode_0_placeholder\n","protected":false},"excerpt":{"rendered":"<p>Mit mehreren Medaillen, leider kein Gold, kehrten\u00a0unsereWettk\u00e4mpfer der U12\/ U15 \/U18 vom Internationalen Sparkassen-Pokal 2013 aus Jena zur\u00fcck. Am Sonnabend, 12.01.2013, \u00a0hie\u00df es f\u00fcr die Jungen und M\u00e4dchen der Altersklassen U2 und U15 \u201eHajime\u201c. In der U12 sicherte sich Patricia Sprunk (-30kg) durch Siege \u00fcber Lilly Grippa (Berlin) und Johanna von Ramin (M\u00fcnchberg) die Silbermedaille. Fabian Rauer (-38kg), der zweite [&hellip;]<\/p>\n","protected":false},"author":3,"featured_media":0,"comment_status":"closed","ping_status":"closed","sticky":false,"template":"","format":"standard","meta":{"ngg_post_thumbnail":0,"footnotes":""},"categories":[3],"tags":[139,41,42,43,83,128],"class_list":["post-1990","post","type-post","status-publish","format-standard","hentry","category-ergebnisse","tag-139","tag-jena","tag-sparkassen-pokal","tag-u12","tag-u15","tag-u18"],"_links":{"self":[{"href":"https:\/\/www.judoclub-gornau.de\/index.php?rest_route=\/wp\/v2\/posts\/1990"}],"collection":[{"href":"https:\/\/www.judoclub-gornau.de\/index.php?rest_route=\/wp\/v2\/posts"}],"about":[{"href":"https:\/\/www.judoclub-gornau.de\/index.php?rest_route=\/wp\/v2\/types\/post"}],"author":[{"embeddable":true,"href":"https:\/\/www.judoclub-gornau.de\/index.php?rest_route=\/wp\/v2\/users\/3"}],"replies":[{"embeddable":true,"href":"https:\/\/www.judoclub-gornau.de\/index.php?rest_route=%2Fwp%2Fv2%2Fcomments&post=1990"}],"version-history":[{"count":8,"href":"https:\/\/www.judoclub-gornau.de\/index.php?rest_route=\/wp\/v2\/posts\/1990\/revisions"}],"predecessor-version":[{"id":2869,"href":"https:\/\/www.judoclub-gornau.de\/index.php?rest_route=\/wp\/v2\/posts\/1990\/revisions\/2869"}],"wp:attachment":[{"href":"https:\/\/www.judoclub-gornau.de\/index.php?rest_route=%2Fwp%2Fv2%2Fmedia&parent=1990"}],"wp:term":[{"taxonomy":"category","embeddable":true,"href":"https:\/\/www.judoclub-gornau.de\/index.php?rest_route=%2Fwp%2Fv2%2Fcategories&post=1990"},{"taxonomy":"post_tag","embeddable":true,"href":"https:\/\/www.judoclub-gornau.de\/index.php?rest_route=%2Fwp%2Fv2%2Ftags&post=1990"}],"curies":[{"name":"wp","href":"https:\/\/api.w.org\/{rel}","templated":true}]}}