{"id":2214,"date":"2013-06-24T19:28:56","date_gmt":"2013-06-24T17:28:56","guid":{"rendered":"http:\/\/www.judoclub-gornau.de\/?p=2214"},"modified":"2015-02-02T13:47:56","modified_gmt":"2015-02-02T11:47:56","slug":"theo-erkampft-bronze-bei-mdem","status":"publish","type":"post","link":"https:\/\/www.judoclub-gornau.de\/?p=2214","title":{"rendered":"Theo erk\u00e4mpft Bronze bei MDEM"},"content":{"rendered":"<p>Am vergangenen Sonnabend, dem 22.06.2013, \u00a0fanden in Sch\u00f6nebeck\/ Sachsen-Anhalt die diesj\u00e4hrigen Mitteldeutschen Einzelmeisterschaften der Altersklasse U15 statt. Theodor R\u00f6\u00dfler (-55kg) hatte sich daf\u00fcr mit seinem 1.Platz bei den Sachsenmeisterschaften am 1.Juni in Adorf qualifiziert.<\/p>\n<p>Gleich in der ersten Begegnung traf er auf Oliver Schulz, den sp\u00e4teren Sieger in der Gewichtsklasse, und musste ihm Tribut zollen. Jetzt hie\u00df es \u00a0f\u00fcr den Gornauer in der Hoffnungsrunde \u201eAlles oder nichts\u201c um wenigstens noch an Bronze zu gelangen. Theodor lie\u00df dann auch nichts anbrennen. So r\u00e4umte er auf dem Weg zu Bronze Elias Tehel (Ippon Rodewisch) mit O-Soto-Gari, Theo Eschrich (Landesmeister SA vom 1.Sch\u00f6nebecker JC) mit Uchi-Mata + anschlie\u00dfender Sankaku-Technik und Marcel Bielstein (PSV Leipzig) ebenfalls mit seiner Spezialtechnik, dem Uchi-Mata, beiseite. Laut Trainer Uwe Drechsel eine sehr gute Leistung seines Sch\u00fctzlings.<\/p>\n","protected":false},"excerpt":{"rendered":"<p>Am vergangenen Sonnabend, dem 22.06.2013, \u00a0fanden in Sch\u00f6nebeck\/ Sachsen-Anhalt die diesj\u00e4hrigen Mitteldeutschen Einzelmeisterschaften der Altersklasse U15 statt. Theodor R\u00f6\u00dfler (-55kg) hatte sich daf\u00fcr mit seinem 1.Platz bei den Sachsenmeisterschaften am 1.Juni in Adorf qualifiziert. Gleich in der ersten Begegnung traf er auf Oliver Schulz, den sp\u00e4teren Sieger in der Gewichtsklasse, und musste ihm Tribut zollen. Jetzt hie\u00df es \u00a0f\u00fcr den [&hellip;]<\/p>\n","protected":false},"author":3,"featured_media":0,"comment_status":"closed","ping_status":"closed","sticky":false,"template":"","format":"standard","meta":{"ngg_post_thumbnail":0,"footnotes":""},"categories":[3],"tags":[139,105,152,83],"class_list":["post-2214","post","type-post","status-publish","format-standard","hentry","category-ergebnisse","tag-139","tag-mdem","tag-schonebeck","tag-u15"],"_links":{"self":[{"href":"https:\/\/www.judoclub-gornau.de\/index.php?rest_route=\/wp\/v2\/posts\/2214"}],"collection":[{"href":"https:\/\/www.judoclub-gornau.de\/index.php?rest_route=\/wp\/v2\/posts"}],"about":[{"href":"https:\/\/www.judoclub-gornau.de\/index.php?rest_route=\/wp\/v2\/types\/post"}],"author":[{"embeddable":true,"href":"https:\/\/www.judoclub-gornau.de\/index.php?rest_route=\/wp\/v2\/users\/3"}],"replies":[{"embeddable":true,"href":"https:\/\/www.judoclub-gornau.de\/index.php?rest_route=%2Fwp%2Fv2%2Fcomments&post=2214"}],"version-history":[{"count":5,"href":"https:\/\/www.judoclub-gornau.de\/index.php?rest_route=\/wp\/v2\/posts\/2214\/revisions"}],"predecessor-version":[{"id":2216,"href":"https:\/\/www.judoclub-gornau.de\/index.php?rest_route=\/wp\/v2\/posts\/2214\/revisions\/2216"}],"wp:attachment":[{"href":"https:\/\/www.judoclub-gornau.de\/index.php?rest_route=%2Fwp%2Fv2%2Fmedia&parent=2214"}],"wp:term":[{"taxonomy":"category","embeddable":true,"href":"https:\/\/www.judoclub-gornau.de\/index.php?rest_route=%2Fwp%2Fv2%2Fcategories&post=2214"},{"taxonomy":"post_tag","embeddable":true,"href":"https:\/\/www.judoclub-gornau.de\/index.php?rest_route=%2Fwp%2Fv2%2Ftags&post=2214"}],"curies":[{"name":"wp","href":"https:\/\/api.w.org\/{rel}","templated":true}]}}