{"id":2240,"date":"2013-07-23T10:25:59","date_gmt":"2013-07-23T08:25:59","guid":{"rendered":"http:\/\/www.judoclub-gornau.de\/?p=2240"},"modified":"2015-05-22T12:06:46","modified_gmt":"2015-05-22T10:06:46","slug":"spoende-von-gornauer-partnergemeinde-apensen","status":"publish","type":"post","link":"https:\/\/www.judoclub-gornau.de\/?p=2240","title":{"rendered":"Spende von Gornauer Partnergemeinde Apensen"},"content":{"rendered":"<p>Im Rahmen des 10j\u00e4hrigen Bestehens der Partnerschaft zwischen Gornau und den Partnerst\u00e4dten Ploermerl und Apensen wurden 2 Vertreter unseres Vereins zur Abschlu\u00dfveranstaltung des 1-w\u00f6chigen Treffens am 5.Juli 2013 in die Gornauer Turnhalle eingeladen. Dort wurde Ihnen eine Spende vom Vertreter des Arbeitskreises Apensen \u00fcberreicht.<\/p>\n<p>Wir m\u00f6chten uns an dieser Stelle noch einmal im Namen von all unseren Mitgliedern recht herzlich daf\u00fcr bedanken. Der Betrag wird von uns zur\u00fcckgelegt und zum Kauf von neuen Mattenteilen verwendet werden.<\/p>\n<p>Enrico T\u00e4ndler<\/p>\n<p>Vorsitzender<\/p>\n<p>JUDO-CLUB Gornau e.-V.<\/p>\n<div id='gallery-1' class='gallery galleryid-2240 gallery-columns-3 gallery-size-thumbnail'><figure class='gallery-item'>\n\t\t\t<div class='gallery-icon portrait'>\n\t\t\t\t<a href='https:\/\/www.judoclub-gornau.de\/wp-content\/uploads\/2013\/07\/Spende-Apensen-Kopie1.jpg' rel=\"lightbox[2240]\"><img loading=\"lazy\" decoding=\"async\" width=\"150\" height=\"150\" src=\"https:\/\/www.judoclub-gornau.de\/wp-content\/uploads\/2013\/07\/Spende-Apensen-Kopie1-150x150.jpg\" class=\"attachment-thumbnail size-thumbnail\" alt=\"\" \/><\/a>\n\t\t\t<\/div><\/figure><figure class='gallery-item'>\n\t\t\t<div class='gallery-icon landscape'>\n\t\t\t\t<a href='https:\/\/www.judoclub-gornau.de\/wp-content\/uploads\/2013\/07\/Gastwoche-13-154.jpg' rel=\"lightbox[2240]\"><img loading=\"lazy\" decoding=\"async\" width=\"150\" height=\"150\" src=\"https:\/\/www.judoclub-gornau.de\/wp-content\/uploads\/2013\/07\/Gastwoche-13-154-150x150.jpg\" class=\"attachment-thumbnail size-thumbnail\" alt=\"\" \/><\/a>\n\t\t\t<\/div><\/figure><figure class='gallery-item'>\n\t\t\t<div class='gallery-icon landscape'>\n\t\t\t\t<a href='https:\/\/www.judoclub-gornau.de\/wp-content\/uploads\/2013\/07\/Gastwoche-13-157.jpg' rel=\"lightbox[2240]\"><img loading=\"lazy\" decoding=\"async\" width=\"150\" height=\"150\" src=\"https:\/\/www.judoclub-gornau.de\/wp-content\/uploads\/2013\/07\/Gastwoche-13-157-150x150.jpg\" class=\"attachment-thumbnail size-thumbnail\" alt=\"\" \/><\/a>\n\t\t\t<\/div><\/figure><figure class='gallery-item'>\n\t\t\t<div class='gallery-icon landscape'>\n\t\t\t\t<a href='https:\/\/www.judoclub-gornau.de\/wp-content\/uploads\/2013\/07\/Gastwoche-13-158.jpg' rel=\"lightbox[2240]\"><img loading=\"lazy\" decoding=\"async\" width=\"150\" height=\"150\" src=\"https:\/\/www.judoclub-gornau.de\/wp-content\/uploads\/2013\/07\/Gastwoche-13-158-150x150.jpg\" class=\"attachment-thumbnail size-thumbnail\" alt=\"\" \/><\/a>\n\t\t\t<\/div><\/figure>\n\t\t<\/div>\n\n","protected":false},"excerpt":{"rendered":"<p>Im Rahmen des 10j\u00e4hrigen Bestehens der Partnerschaft zwischen Gornau und den Partnerst\u00e4dten Ploermerl und Apensen wurden 2 Vertreter unseres Vereins zur Abschlu\u00dfveranstaltung des 1-w\u00f6chigen Treffens am 5.Juli 2013 in die Gornauer Turnhalle eingeladen. Dort wurde Ihnen eine Spende vom Vertreter des Arbeitskreises Apensen \u00fcberreicht. Wir m\u00f6chten uns an dieser Stelle noch einmal im Namen von all unseren Mitgliedern recht herzlich [&hellip;]<\/p>\n","protected":false},"author":3,"featured_media":0,"comment_status":"closed","ping_status":"closed","sticky":false,"template":"","format":"standard","meta":{"ngg_post_thumbnail":0,"footnotes":""},"categories":[5],"tags":[],"class_list":["post-2240","post","type-post","status-publish","format-standard","hentry","category-sonstiges"],"_links":{"self":[{"href":"https:\/\/www.judoclub-gornau.de\/index.php?rest_route=\/wp\/v2\/posts\/2240"}],"collection":[{"href":"https:\/\/www.judoclub-gornau.de\/index.php?rest_route=\/wp\/v2\/posts"}],"about":[{"href":"https:\/\/www.judoclub-gornau.de\/index.php?rest_route=\/wp\/v2\/types\/post"}],"author":[{"embeddable":true,"href":"https:\/\/www.judoclub-gornau.de\/index.php?rest_route=\/wp\/v2\/users\/3"}],"replies":[{"embeddable":true,"href":"https:\/\/www.judoclub-gornau.de\/index.php?rest_route=%2Fwp%2Fv2%2Fcomments&post=2240"}],"version-history":[{"count":11,"href":"https:\/\/www.judoclub-gornau.de\/index.php?rest_route=\/wp\/v2\/posts\/2240\/revisions"}],"predecessor-version":[{"id":2247,"href":"https:\/\/www.judoclub-gornau.de\/index.php?rest_route=\/wp\/v2\/posts\/2240\/revisions\/2247"}],"wp:attachment":[{"href":"https:\/\/www.judoclub-gornau.de\/index.php?rest_route=%2Fwp%2Fv2%2Fmedia&parent=2240"}],"wp:term":[{"taxonomy":"category","embeddable":true,"href":"https:\/\/www.judoclub-gornau.de\/index.php?rest_route=%2Fwp%2Fv2%2Fcategories&post=2240"},{"taxonomy":"post_tag","embeddable":true,"href":"https:\/\/www.judoclub-gornau.de\/index.php?rest_route=%2Fwp%2Fv2%2Ftags&post=2240"}],"curies":[{"name":"wp","href":"https:\/\/api.w.org\/{rel}","templated":true}]}}