{"id":2482,"date":"2014-03-17T20:48:09","date_gmt":"2014-03-17T18:48:09","guid":{"rendered":"http:\/\/www.judoclub-gornau.de\/?p=2482"},"modified":"2015-02-02T13:45:17","modified_gmt":"2015-02-02T11:45:17","slug":"premiere-beim-watas-cup-glamouros-gemeistert","status":"publish","type":"post","link":"https:\/\/www.judoclub-gornau.de\/?p=2482","title":{"rendered":"Premiere beim W\u00c4TAS-CUP glamour\u00f6s gemeistert"},"content":{"rendered":"<p style=\"text-align: left\" align=\"center\"><span style=\"font-family: Times New Roman;font-size: small\">Mit \u00fcberragenden Erfolgen, diversem Edelmetall und mehreren Pokalen kehrten die Judoka der Altersklassen U11 \u2013 U18 vom 19.Pokalturnier des JSV Eilenburg, dem so genannten W\u00c4TAS-CUP, am vergangenen Wochenende, 15.-16.M\u00e4rz 2014, zur\u00fcck.<\/span><\/p>\n<p><span style=\"font-family: Times New Roman;font-size: small\">Am Vormittag des 15.M\u00e4rz standen die M\u00e4dchen und Jungen der U13 in Eilenburg auf der Tatami. Patricia Sprunk (-36kg) und Fabian Rauer (-42kg) dominierten\u00a0 in ihren Gewichtsklassen eindeutig. Beide gaben in ihren diversen K\u00e4mpfen nicht einen Sieg aus der Hand. Emilie Schulz (-48kg) musste sich in ihrer Gewichtsklasse nur Chanyau (Stahmeln) geschlagen geben und sicherte sich damit Silber. Aaron Thriemer (-31kg) verlor seine erste Begegnung gegen Balck (PSV Leipzig), den sp\u00e4teren Sieger in seiner Gewichtsklasse. Daher musste er in der Hoffnungsrunde noch einmal \u201erichtig Gas geben\u201c, um noch eine Chance auf Bronze zu haben. Diese Chance wurde von ihm genutzt und so stand er am Ende auch auf dem Treppchen. Nach der Siegerehrung\u00a0 der einzelnen Gewichtsklassen wurden unsere \u00a0M\u00e4dchen noch einmal nach vorn gerufen. Sie belegten durch ihre vorderen Platzierungen in der Pokalwertung der M\u00e4dchen auch den 3.Platz und nahmen daf\u00fcr einen Pokal vom Stifter des W\u00c4TAS-Cup, Thorsten Enders, entgegen. <\/span><\/p>\n<p><span style=\"font-family: Times New Roman;font-size: small\">Gegen 13.30 Uhr hie\u00df es dann f\u00fcr die Aktiven der Altersklasse U15 \u201eHajime\u201c. Wir hatten in dieser AK nur Linus Thriemer (-37kg) und Georg M\u00fcller (+66kg) aufzubieten. Beide entt\u00e4uschten ihren Trainer nicht. Linus bezwang alle seine Kontrahenten souver\u00e4n und auch Georg konnte \u00fcberzeugen. Georg M\u00fcller lieferte auf unserer Seite mit 3 Sekunden gegen Otto (Grimma) auch noch den schnellsten Kampf. Diese Beiden sicherten sich also verdienterma\u00dfen Gold in ihren Gewichtsklassen und schafften es, ebenso wie die M\u00e4dchen der U13, in der Pokalwertung der Jungen den Bronzepokal zu erk\u00e4mpfen. Die gr\u00f6\u00dfte \u00dcberraschung gab es dann noch, als die Wertung f\u00fcr den Wanderpokal bekannt gegeben wurde. Auch hier lagen am Sonnabend unsere Judoka punktgleich mit den Zwickauern auf dem 3.Platz.<\/span><\/p>\n<p><span style=\"font-family: Times New Roman;font-size: small\">Der Sonntag geh\u00f6rte dann den K\u00e4mpfern der U11 und der U18. Charlize Richter (-28kg) und Carlotta Oertel (-30kg) standen bei den M\u00e4dchen der U11 auf der Tatami. Charlize musste von ihren 3 K\u00e4mpfen nur den gegen Hiemer (TSV Schildau) verloren geben und sicherte sich damit Bronze. Carlotta zeigte Biss und Kampfgeist, kam aber diesmal leider nur auf Rang 5. Der einzige Junge der Gornauer Judoka in dieser Altersklasse, Gustav Schulz (-37kg) bestritt alle seine K\u00e4mpfe siegreich und stand daher ganz oben auf dem Treppchen. In der U18 wurden unsere Farben von Johannes M\u00fcller (+100kg), Christian Achatz (-73kg) und Theodor R\u00f6\u00dfler (-60kg) vertreten. W\u00e4hrend Johannes auf dem Bronzerang landete sprang f\u00fcr Christian und Theodor eine Silbermedaille heraus. Beide K\u00e4mpfer zogen jeweils im Finale den K\u00fcrzeren. <\/span><\/p>\n<p><span style=\"font-family: Times New Roman;font-size: small\">Zusammenfassend muss man sagen, daf\u00fcr, dass wir bei diesem hochklassigen Turnier das erste Mal vertreten war, haben wir in der Region Achtungszeichen setzen k\u00f6nnen. Von 12 gestarteten Judoka traten immerhin 11 die Heimreise mit einer Medaille an und 2 Pokale in der Mannschaftswertung konnten auch noch erk\u00e4mpft werden! Leider konnte in der Wertung des Wanderpokals der Bronzerang vom Sonnabend nicht gehalten werden. Das lag jedoch nicht an den Leistungen der Judoka am Sonntag, sondern an der geringen Anzahl von Startern auf Gornauer Seite. Die anderen Vereine waren zum Teil im zweistelligen Bereich in den Altersklassen U11 und U18 angetreten. Dem entsprechend lange war dann auch die Dauer des Turniers am Sonntag.<\/span><\/p>\n<p><span style=\"font-family: Times New Roman;font-size: small\">Die Platzierungen im Einzelnen:<\/span><\/p>\n<p><span style=\"font-family: Times New Roman;font-size: small\">Gold\u00a0\u00a0\u00a0\u00a0\u00a0\u00a0\u00a0\u00a0\u00a0\u00a0\u00a0\u00a0\u00a0\u00a0 &#8211; Patricia Sprunk, Fabian Rauer, Gustav Schulz, Linus Thriemer, Georg M\u00fcller<\/span><\/p>\n<p><span style=\"font-family: Times New Roman;font-size: small\">Silber\u00a0\u00a0\u00a0\u00a0\u00a0\u00a0\u00a0\u00a0\u00a0\u00a0\u00a0\u00a0\u00a0 &#8211; Emilie Schulz, Christian Achatz, Theodor R\u00f6\u00dfler<\/span><\/p>\n<p><span style=\"font-family: Times New Roman;font-size: small\">Bronze \u00a0\u00a0\u00a0\u00a0\u00a0\u00a0\u00a0\u00a0\u00a0\u00a0 &#8211; Charlize Richter, Aaron Thriemer, Johannes M\u00fcller<\/span><\/p>\n<p>5.Platz\u00a0\u00a0\u00a0\u00a0\u00a0\u00a0\u00a0\u00a0\u00a0\u00a0\u00a0 &#8211; Carlotta Oertel<\/p>\nngg_shortcode_0_placeholder\n<p><span style=\"font-family: Times New Roman;font-size: small\">\u00a0<\/span><\/p>\n","protected":false},"excerpt":{"rendered":"<p>Mit \u00fcberragenden Erfolgen, diversem Edelmetall und mehreren Pokalen kehrten die Judoka der Altersklassen U11 \u2013 U18 vom 19.Pokalturnier des JSV Eilenburg, dem so genannten W\u00c4TAS-CUP, am vergangenen Wochenende, 15.-16.M\u00e4rz 2014, zur\u00fcck. Am Vormittag des 15.M\u00e4rz standen die M\u00e4dchen und Jungen der U13 in Eilenburg auf der Tatami. Patricia Sprunk (-36kg) und Fabian Rauer (-42kg) dominierten\u00a0 in ihren Gewichtsklassen eindeutig. Beide [&hellip;]<\/p>\n","protected":false},"author":3,"featured_media":0,"comment_status":"closed","ping_status":"closed","sticky":false,"template":"","format":"standard","meta":{"ngg_post_thumbnail":0,"footnotes":""},"categories":[3],"tags":[177,16,82,83,128,176],"class_list":["post-2482","post","type-post","status-publish","format-standard","hentry","category-ergebnisse","tag-eilenburg","tag-u11","tag-u13","tag-u15","tag-u18","tag-watas-cup"],"_links":{"self":[{"href":"https:\/\/www.judoclub-gornau.de\/index.php?rest_route=\/wp\/v2\/posts\/2482"}],"collection":[{"href":"https:\/\/www.judoclub-gornau.de\/index.php?rest_route=\/wp\/v2\/posts"}],"about":[{"href":"https:\/\/www.judoclub-gornau.de\/index.php?rest_route=\/wp\/v2\/types\/post"}],"author":[{"embeddable":true,"href":"https:\/\/www.judoclub-gornau.de\/index.php?rest_route=\/wp\/v2\/users\/3"}],"replies":[{"embeddable":true,"href":"https:\/\/www.judoclub-gornau.de\/index.php?rest_route=%2Fwp%2Fv2%2Fcomments&post=2482"}],"version-history":[{"count":8,"href":"https:\/\/www.judoclub-gornau.de\/index.php?rest_route=\/wp\/v2\/posts\/2482\/revisions"}],"predecessor-version":[{"id":2858,"href":"https:\/\/www.judoclub-gornau.de\/index.php?rest_route=\/wp\/v2\/posts\/2482\/revisions\/2858"}],"wp:attachment":[{"href":"https:\/\/www.judoclub-gornau.de\/index.php?rest_route=%2Fwp%2Fv2%2Fmedia&parent=2482"}],"wp:term":[{"taxonomy":"category","embeddable":true,"href":"https:\/\/www.judoclub-gornau.de\/index.php?rest_route=%2Fwp%2Fv2%2Fcategories&post=2482"},{"taxonomy":"post_tag","embeddable":true,"href":"https:\/\/www.judoclub-gornau.de\/index.php?rest_route=%2Fwp%2Fv2%2Ftags&post=2482"}],"curies":[{"name":"wp","href":"https:\/\/api.w.org\/{rel}","templated":true}]}}