{"id":2604,"date":"2014-06-22T15:28:24","date_gmt":"2014-06-22T13:28:24","guid":{"rendered":"http:\/\/www.judoclub-gornau.de\/?p=2604"},"modified":"2015-02-02T13:44:05","modified_gmt":"2015-02-02T11:44:05","slug":"pati-holt-bronze-bei-mdem","status":"publish","type":"post","link":"https:\/\/www.judoclub-gornau.de\/?p=2604","title":{"rendered":"Pati holt Bronze bei MDEM"},"content":{"rendered":"<p>Mit Bronze geschm\u00fcckt kehrte Patricia Sprunk\u00a0 am 21.Juni 2014 von der diesj\u00e4hrigen Mitteldeutschen Einzelmeisterschaft im Judo der Altersklasse U15 zur\u00fcck. Ausrichter dieses Turniers war der VfL Riesa.<\/p>\n<p>In Patricias Gewichtsklasse -36kg standen insgesamt 6 M\u00e4dchen auf der Matte. Die Gornauerin gewann ihren Auftaktkampf gegen Annika Zwerenz (Schm\u00f6lln) mit einer Festhaltetechnik. Gegen Chiara Petschke (Bautzen) zog sie jedoch den K\u00fcrzeren. In der Hoffnungsrund bezwang Patricia dann im Kampf um Bronze Juliette B\u00e4hr aus Schleiz.<\/p>\n<p>Die Bronzemedaille bei diesen MDEM ist f\u00fcr Patricia Sprunk ein gro\u00dfer Schritt in ihrer pers\u00f6nlichen sportlichen Entwicklung und l\u00e4sst f\u00fcr die Zukunft hoffen.<\/p>\n<p>&nbsp;<\/p>\n","protected":false},"excerpt":{"rendered":"<p>Mit Bronze geschm\u00fcckt kehrte Patricia Sprunk\u00a0 am 21.Juni 2014 von der diesj\u00e4hrigen Mitteldeutschen Einzelmeisterschaft im Judo der Altersklasse U15 zur\u00fcck. Ausrichter dieses Turniers war der VfL Riesa. In Patricias Gewichtsklasse -36kg standen insgesamt 6 M\u00e4dchen auf der Matte. Die Gornauerin gewann ihren Auftaktkampf gegen Annika Zwerenz (Schm\u00f6lln) mit einer Festhaltetechnik. Gegen Chiara Petschke (Bautzen) zog sie jedoch den K\u00fcrzeren. In [&hellip;]<\/p>\n","protected":false},"author":3,"featured_media":0,"comment_status":"closed","ping_status":"closed","sticky":false,"template":"","format":"standard","meta":{"ngg_post_thumbnail":0,"footnotes":""},"categories":[3],"tags":[170,105,120,71,83],"class_list":["post-2604","post","type-post","status-publish","format-standard","hentry","category-ergebnisse","tag-170","tag-mdem","tag-pati","tag-riesa","tag-u15"],"_links":{"self":[{"href":"https:\/\/www.judoclub-gornau.de\/index.php?rest_route=\/wp\/v2\/posts\/2604"}],"collection":[{"href":"https:\/\/www.judoclub-gornau.de\/index.php?rest_route=\/wp\/v2\/posts"}],"about":[{"href":"https:\/\/www.judoclub-gornau.de\/index.php?rest_route=\/wp\/v2\/types\/post"}],"author":[{"embeddable":true,"href":"https:\/\/www.judoclub-gornau.de\/index.php?rest_route=\/wp\/v2\/users\/3"}],"replies":[{"embeddable":true,"href":"https:\/\/www.judoclub-gornau.de\/index.php?rest_route=%2Fwp%2Fv2%2Fcomments&post=2604"}],"version-history":[{"count":2,"href":"https:\/\/www.judoclub-gornau.de\/index.php?rest_route=\/wp\/v2\/posts\/2604\/revisions"}],"predecessor-version":[{"id":2606,"href":"https:\/\/www.judoclub-gornau.de\/index.php?rest_route=\/wp\/v2\/posts\/2604\/revisions\/2606"}],"wp:attachment":[{"href":"https:\/\/www.judoclub-gornau.de\/index.php?rest_route=%2Fwp%2Fv2%2Fmedia&parent=2604"}],"wp:term":[{"taxonomy":"category","embeddable":true,"href":"https:\/\/www.judoclub-gornau.de\/index.php?rest_route=%2Fwp%2Fv2%2Fcategories&post=2604"},{"taxonomy":"post_tag","embeddable":true,"href":"https:\/\/www.judoclub-gornau.de\/index.php?rest_route=%2Fwp%2Fv2%2Ftags&post=2604"}],"curies":[{"name":"wp","href":"https:\/\/api.w.org\/{rel}","templated":true}]}}