{"id":2761,"date":"2014-10-12T20:01:20","date_gmt":"2014-10-12T18:01:20","guid":{"rendered":"http:\/\/www.judoclub-gornau.de\/?p=2761"},"modified":"2015-02-01T18:17:33","modified_gmt":"2015-02-01T16:17:33","slug":"gornauer-judoka-setzen-in-rodewisch-achtungszeichen","status":"publish","type":"post","link":"https:\/\/www.judoclub-gornau.de\/?p=2761","title":{"rendered":"Gornauer Judoka setzen in Rodewisch Achtungszeichen"},"content":{"rendered":"<p>Bereits am Sonnabend, dem 11.10.2014, konnte Linus Thriemer (-40kg) in der Altersklasse U15 beim Offenen Vogtlandturnier in Rodewisch Bronze erk\u00e4mpfen. Zus\u00e4tzlich zu seinen Pflichtk\u00e4mpfen absolvierte der Gornauer noch einen Freundschaftskampf gegen einen Judoka aus Polen, welchen der Pole leider f\u00fcr sich entschied.<\/p>\n<p>Am Sonntag hie\u00df es dann \u201eHajime\u201c f\u00fcr die Kampfspoprtler der Altersklasse U13. Von unseren gemeldeten Judoka konnten leider nur 2 teilnehmen, da sich Fabian Rauer beim Abschlu\u00dftraining verletzt hatte.<\/p>\n<p>Patricia Sprunk (-40kg) begann ihre Wettkampfserie recht viel versprechend durch einen Sieg \u00fcber Elia Schmidt (DHFK Leipzig). Dann stand sie einer alten Bekannten, Julia Kaiser aus Heinsdorfergrund gegen\u00fcber. Nach anf\u00e4nglichen Vorteilen f\u00fcr die Gornauerin wurde ein kleiner Fehler von ihrer Gegnerin genutzt und Patricia verlor durch eine Festhaltetechnik. In der Hoffnungsrunde, im Kampf um Bronze, konnte Pati dann durch 2 Waza-Ari\u00a0f\u00fcr je einen Hiza \u2013Gurima und einen O-Uchi-Gari diese Plakette mit nach Hause nehmen.<\/p>\n<p>Aaron Thriemer (-37kg) musste seinen Auftaktkampf gegen Nils Burkert (JC Leipzig) leider verloren geben. In der Hoffnungsrunde drehte er dann aber richtig auf. Durch Biss und gute Techniken konnte Aaron auf dem Weg zu Bronze Paul Trettner (DHFK Leipzig) und Marcus Kuhl (Chemnitzer PSC) in die Schranken weisen. Beim Kampf um Bronze stand er dann Tomasz Brzegowy (AKS Strzegom) aus Polen gegen\u00fcber und gegen diesen Sportler zog er leider den K\u00fcrzeren.<\/p>\n","protected":false},"excerpt":{"rendered":"<p>Bereits am Sonnabend, dem 11.10.2014, konnte Linus Thriemer (-40kg) in der Altersklasse U15 beim Offenen Vogtlandturnier in Rodewisch Bronze erk\u00e4mpfen. Zus\u00e4tzlich zu seinen Pflichtk\u00e4mpfen absolvierte der Gornauer noch einen Freundschaftskampf gegen einen Judoka aus Polen, welchen der Pole leider f\u00fcr sich entschied. Am Sonntag hie\u00df es dann \u201eHajime\u201c f\u00fcr die Kampfspoprtler der Altersklasse U13. Von unseren gemeldeten Judoka konnten leider [&hellip;]<\/p>\n","protected":false},"author":3,"featured_media":0,"comment_status":"closed","ping_status":"closed","sticky":false,"template":"","format":"standard","meta":{"ngg_post_thumbnail":0,"footnotes":""},"categories":[3],"tags":[],"class_list":["post-2761","post","type-post","status-publish","format-standard","hentry","category-ergebnisse"],"_links":{"self":[{"href":"https:\/\/www.judoclub-gornau.de\/index.php?rest_route=\/wp\/v2\/posts\/2761"}],"collection":[{"href":"https:\/\/www.judoclub-gornau.de\/index.php?rest_route=\/wp\/v2\/posts"}],"about":[{"href":"https:\/\/www.judoclub-gornau.de\/index.php?rest_route=\/wp\/v2\/types\/post"}],"author":[{"embeddable":true,"href":"https:\/\/www.judoclub-gornau.de\/index.php?rest_route=\/wp\/v2\/users\/3"}],"replies":[{"embeddable":true,"href":"https:\/\/www.judoclub-gornau.de\/index.php?rest_route=%2Fwp%2Fv2%2Fcomments&post=2761"}],"version-history":[{"count":1,"href":"https:\/\/www.judoclub-gornau.de\/index.php?rest_route=\/wp\/v2\/posts\/2761\/revisions"}],"predecessor-version":[{"id":2762,"href":"https:\/\/www.judoclub-gornau.de\/index.php?rest_route=\/wp\/v2\/posts\/2761\/revisions\/2762"}],"wp:attachment":[{"href":"https:\/\/www.judoclub-gornau.de\/index.php?rest_route=%2Fwp%2Fv2%2Fmedia&parent=2761"}],"wp:term":[{"taxonomy":"category","embeddable":true,"href":"https:\/\/www.judoclub-gornau.de\/index.php?rest_route=%2Fwp%2Fv2%2Fcategories&post=2761"},{"taxonomy":"post_tag","embeddable":true,"href":"https:\/\/www.judoclub-gornau.de\/index.php?rest_route=%2Fwp%2Fv2%2Ftags&post=2761"}],"curies":[{"name":"wp","href":"https:\/\/api.w.org\/{rel}","templated":true}]}}