{"id":280,"date":"2009-03-05T11:13:44","date_gmt":"2009-03-05T09:13:44","guid":{"rendered":"http:\/\/www.judoclub-gornau.de\/?p=280"},"modified":"2015-02-02T14:37:51","modified_gmt":"2015-02-02T12:37:51","slug":"1erfolgreiche-kyu-prufung-2009","status":"publish","type":"post","link":"https:\/\/www.judoclub-gornau.de\/?p=280","title":{"rendered":"1. erfolgreiche Kyu-Pr\u00fcfung 2009"},"content":{"rendered":"<p class=\"MsoNormal\" style=\"margin: 0cm 0cm 0pt;line-height: 150%;text-align: center\" align=\"center\"><strong><span style=\"font-size: small\"><span style=\"font-family: Times New Roman\">1.G\u00fcrtelpr\u00fcfung 2009 der Gornauer Judoka ist Geschichte<\/span><\/span><\/strong><\/p>\n<p class=\"MsoNormal\" style=\"margin: 0cm 0cm 0pt\"><span style=\"font-size: small\"><span style=\"font-family: Times New Roman\"><strong>Gornau. <\/strong>Am 27.02.2009 und 02.03.2009 fanden im heimischen Dojo, der Turnhalle Gornau, die ersten Kyu-Pr\u00fcfungen im neuen Jahr statt. Unter den Pr\u00fcflingen waren Judoka im Alter von 7 bis 45 Jahren. Unabh\u00e4ngig vom Alter waren nat\u00fcrlich alle recht aufgeregt. Es gab Pr\u00fcfungen vom wei\u00df-gelben G\u00fcrtel (VIII.Kyu) bis zum gr\u00fcn-orangen G\u00fcrtel (IV.Kyu). <\/span><\/span><\/p>\n<p class=\"MsoNormal\" style=\"margin: 0cm 0cm 0pt\"><span style=\"font-size: small;font-family: Times New Roman\">Alle Probanten zeigten gute bis sehr gute Leistungen und haben nun das Recht und die Pflicht, einen G\u00fcrtel in den neuen entsprechenden Farben zu tragen. Der j\u00fcngste Judoka, Fabian Rauer, bereitete sich mit der bestandenen Pr\u00fcfung selber ein Geburtstagsgeschenk. Er wurde genau am 27.02.2009 7 Jahre und durfte ja nun, laut Pr\u00fcfungsordnung des DJB, die <\/span><span style=\"font-size: small;font-family: Times New Roman\">Pr\u00fcfung zum VIII.Kyu ablegen. <\/span><\/p>\n<p class=\"MsoNormal\" style=\"margin: 0cm 0cm 0pt;line-height: 150%\"><span style=\"font-size: small;font-family: Times New Roman\">Die Ergebnisse im Einzelnen:<\/span><\/p>\n<p class=\"MsoNormal\" style=\"margin: 0cm 0cm 0pt\"><span style=\"font-size: small;font-family: Times New Roman\">wei\u00df-gelber G\u00fcrtel (VIII.Kyu)<span>\u00a0 <\/span>&#8211; Fabian Rauer, Cornelius Fuchs, Sigrid Drescher <\/span><\/p>\n<p class=\"MsoNormal\" style=\"margin: 0cm 0cm 0pt\"><span style=\"font-size: small;font-family: Times New Roman\">gelber G\u00fcrtel (VII.Kyu)<span>\u00a0\u00a0\u00a0\u00a0\u00a0\u00a0\u00a0\u00a0\u00a0\u00a0 \u00a0 <\/span>&#8211; Sebastian Schuffenhauer<\/span><\/p>\n<p class=\"MsoNormal\" style=\"margin: 0cm 0cm 0pt\"><span lang=\"PT-BR\"><span style=\"font-size: small\"><span style=\"font-family: Times New Roman\">gelb-oranger G\u00fcrtel (VI.Kyu)<span>\u00a0\u00a0 <\/span>&#8211; Janet R\u00f6\u00dfler, Tino Beyer, Thilo Reimann<\/span><\/span><\/span><\/p>\n<p class=\"MsoNormal\" style=\"margin: 0cm 0cm 0pt\"><span lang=\"PT-BR\"><span style=\"font-size: small\"><span style=\"font-family: Times New Roman\">orange-gr\u00fcner G\u00fcrtel (IV.Kyu)<span> <\/span>&#8211; Sabine G\u00f6rner, Caroline Sesser<\/span><\/span><\/span><\/p>\n","protected":false},"excerpt":{"rendered":"<p>Am 27.02.2009 und 02.03.2009 fanden im heimischen Dojo, der Turnhalle Gornau, die ersten Kyu-Pr\u00fcfungen im neuen Jahr statt. Unter den Pr\u00fcflingen waren Judoka im Alter von 7 bis 45 Jahren. Unabh\u00e4ngig vom Alter waren nat\u00fcrlich alle recht aufgeregt. Es gab Pr\u00fcfungen vom wei\u00df-gelben G\u00fcrtel (VIII.Kyu) bis zum gr\u00fcn-orangen G\u00fcrtel (II.Kyu). <\/p>\n","protected":false},"author":3,"featured_media":0,"comment_status":"closed","ping_status":"closed","sticky":false,"template":"","format":"standard","meta":{"ngg_post_thumbnail":0,"footnotes":""},"categories":[3],"tags":[39,9,51],"class_list":["post-280","post","type-post","status-publish","format-standard","hentry","category-ergebnisse","tag-39","tag-gornau","tag-kyu-prufung"],"_links":{"self":[{"href":"https:\/\/www.judoclub-gornau.de\/index.php?rest_route=\/wp\/v2\/posts\/280"}],"collection":[{"href":"https:\/\/www.judoclub-gornau.de\/index.php?rest_route=\/wp\/v2\/posts"}],"about":[{"href":"https:\/\/www.judoclub-gornau.de\/index.php?rest_route=\/wp\/v2\/types\/post"}],"author":[{"embeddable":true,"href":"https:\/\/www.judoclub-gornau.de\/index.php?rest_route=\/wp\/v2\/users\/3"}],"replies":[{"embeddable":true,"href":"https:\/\/www.judoclub-gornau.de\/index.php?rest_route=%2Fwp%2Fv2%2Fcomments&post=280"}],"version-history":[{"count":15,"href":"https:\/\/www.judoclub-gornau.de\/index.php?rest_route=\/wp\/v2\/posts\/280\/revisions"}],"predecessor-version":[{"id":2917,"href":"https:\/\/www.judoclub-gornau.de\/index.php?rest_route=\/wp\/v2\/posts\/280\/revisions\/2917"}],"wp:attachment":[{"href":"https:\/\/www.judoclub-gornau.de\/index.php?rest_route=%2Fwp%2Fv2%2Fmedia&parent=280"}],"wp:term":[{"taxonomy":"category","embeddable":true,"href":"https:\/\/www.judoclub-gornau.de\/index.php?rest_route=%2Fwp%2Fv2%2Fcategories&post=280"},{"taxonomy":"post_tag","embeddable":true,"href":"https:\/\/www.judoclub-gornau.de\/index.php?rest_route=%2Fwp%2Fv2%2Ftags&post=280"}],"curies":[{"name":"wp","href":"https:\/\/api.w.org\/{rel}","templated":true}]}}