{"id":3165,"date":"2015-05-09T19:22:22","date_gmt":"2015-05-09T17:22:22","guid":{"rendered":"http:\/\/www.judoclub-gornau.de\/?p=3165"},"modified":"2015-10-18T15:43:26","modified_gmt":"2015-10-18T13:43:26","slug":"erfolgreiches-wochenende-fuer-gornauer-judoka","status":"publish","type":"post","link":"https:\/\/www.judoclub-gornau.de\/?p=3165","title":{"rendered":"Erfolgreiches Wochenende f\u00fcr Gornauer Judoka"},"content":{"rendered":"<p>Medaillengeschm\u00fcckt traten\u00a0unsere Judoka am 9.Mai 2015 die Heimreise von D\u00f6beln und Langenhessen an.<\/p>\n<p>In Langenhessen waren zum Mixpokal der Altersklassen U15 und M\u00e4nner Patricia Sprunk und Fabian Rauer sowie Tino W\u00e4chtler am Start. Fabian Rauer (-50kg) holte in seiner Gewichtsklasse Gold und Patricia Sprunk (-44kg) musste diesmal mit Bronze Vorlieb nehmen. Tino W\u00e4chtler sicherte sich seiner Gewichtsklasse -100kg souver\u00e4n Gold. Insgesamt standen bei diesem Turnier 110 Judoka aus 21 Vereinen auf der Matte.<\/p>\n<p>In D\u00f6beln stand\u00a0unsre zweite Truppe beim 5.Stiefelpokal auf der Matte. In der Altersklasse U13 der M\u00e4dchen stand mit Emilie Schulz nur eine Gornauerin auf der Tatami und wurde kampflos Sieger. Um nicht \u201eumsonst\u201c zum Turnier gefahren zu sein, absolvierte Emilie 2 Freundschaftsk\u00e4mpfe gegen zwei viel schwerere Gegnerinnen. Hier zeigte sie dann ihr ganzes K\u00f6nnen. Beide Gegnerinnen wurden am Boden mit einer sehenswerten Sankaku-Technik bezwungen. Bei den Jungen dieser Altersklasse konnte Justin Baumann (-33kg) wieder voll \u00fcberzeugen. Er bestritt insgesamt 4 K\u00e4mpfe und lieferte im Stand wie am Boden ein wahres Feuerwerk an Techniken ab. \u201eJustin zeigte exzellente W\u00fcrfe und war auch am Boden sehr flexibel\u201c, so\u00a0Betreuer Reimar Sesser. Franz Bauer, welcher ebenfalls in dieser Gewichtsklasse angetreten war, zeigte zwar Kampfgeist und Biss, hatte seinen Gegnern jedoch nicht genug entgegenzusetzen. Aaron Thriemer (-38kg) hat sich am Sonnabend auch nicht schlecht verkauft. Er bestritt insgesamt 3 K\u00e4mpfe, wovon er 2 als Sieger beendete. Das hie\u00df am Ende\u00a0 f\u00fcr ihn Bronze.<\/p>\n<p>Bei unseren gestarteten M\u00e4dchen der Altersklasse U11 trat diesmal der \u201eSupergau\u201c ein: Alle 3 M\u00e4dchen mussten in einer Gewichtsklasse, -33kg, antreten. Insgesamt waren 6 M\u00e4dchen am Start, welche in jeweils 2 Pools aufgeteilt wurden. Im ersten Pool waren Charlize Richter und Carlotta Oertel vertreten. Beide bezwangen\u00a0jeweils ein\u00a0M\u00e4dchen aus D\u00f6beln und standen sich dann gegen\u00fcber. Keiner traute sich richtig loszulegen und so gab es am Ende Kampfrichterentscheid, welcher zu Gunsten von Charlize ausfiel. Celina Reichel,\u00a0unser drittes M\u00e4dchen, bezwang ihre beiden Gegnerinnen aus dem Pool und stand jetzt ihrer Vereinskameradin Charlize im Finale gegen\u00fcber. Diese Finale entschied dann Celina zu ihren Gunsten. Carlotta zeigte eine hervorragende Leistung, k\u00e4mpfte \u00fcberlegt und zeigte im Stand wie am Boden eine sehr gute Leistung und der Bronzerang spiegelt ihre Leistung leider nicht recht wieder.<\/p>\n<p>Den Pokal sicherten sich die Judoka aus Teplice, welche insgesamt 8 Goldmedaillen erk\u00e4mpfen konnten. Bei diesem Turnier standen insgesamt 230 Judoka aus Deutschland und Tschechien auf der Matte.<\/p>\nngg_shortcode_0_placeholder\n","protected":false},"excerpt":{"rendered":"<p>Medaillengeschm\u00fcckt traten\u00a0unsere Judoka am 9.Mai 2015 die Heimreise von D\u00f6beln und Langenhessen an. In Langenhessen waren zum Mixpokal der Altersklassen U15 und M\u00e4nner Patricia Sprunk und Fabian Rauer sowie Tino W\u00e4chtler am Start. Fabian Rauer (-50kg) holte in seiner Gewichtsklasse Gold und Patricia Sprunk (-44kg) musste diesmal mit Bronze Vorlieb nehmen. Tino W\u00e4chtler sicherte sich seiner Gewichtsklasse -100kg souver\u00e4n Gold. [&hellip;]<\/p>\n","protected":false},"author":3,"featured_media":0,"comment_status":"closed","ping_status":"closed","sticky":false,"template":"","format":"standard","meta":{"ngg_post_thumbnail":0,"footnotes":""},"categories":[3],"tags":[108,85,146,179,16,82,83],"class_list":["post-3165","post","type-post","status-publish","format-standard","hentry","category-ergebnisse","tag-dobeln","tag-langenhessen","tag-mix-pokal","tag-stiefelpokal","tag-u11","tag-u13","tag-u15"],"_links":{"self":[{"href":"https:\/\/www.judoclub-gornau.de\/index.php?rest_route=\/wp\/v2\/posts\/3165"}],"collection":[{"href":"https:\/\/www.judoclub-gornau.de\/index.php?rest_route=\/wp\/v2\/posts"}],"about":[{"href":"https:\/\/www.judoclub-gornau.de\/index.php?rest_route=\/wp\/v2\/types\/post"}],"author":[{"embeddable":true,"href":"https:\/\/www.judoclub-gornau.de\/index.php?rest_route=\/wp\/v2\/users\/3"}],"replies":[{"embeddable":true,"href":"https:\/\/www.judoclub-gornau.de\/index.php?rest_route=%2Fwp%2Fv2%2Fcomments&post=3165"}],"version-history":[{"count":6,"href":"https:\/\/www.judoclub-gornau.de\/index.php?rest_route=\/wp\/v2\/posts\/3165\/revisions"}],"predecessor-version":[{"id":3411,"href":"https:\/\/www.judoclub-gornau.de\/index.php?rest_route=\/wp\/v2\/posts\/3165\/revisions\/3411"}],"wp:attachment":[{"href":"https:\/\/www.judoclub-gornau.de\/index.php?rest_route=%2Fwp%2Fv2%2Fmedia&parent=3165"}],"wp:term":[{"taxonomy":"category","embeddable":true,"href":"https:\/\/www.judoclub-gornau.de\/index.php?rest_route=%2Fwp%2Fv2%2Fcategories&post=3165"},{"taxonomy":"post_tag","embeddable":true,"href":"https:\/\/www.judoclub-gornau.de\/index.php?rest_route=%2Fwp%2Fv2%2Ftags&post=3165"}],"curies":[{"name":"wp","href":"https:\/\/api.w.org\/{rel}","templated":true}]}}