{"id":3186,"date":"2015-06-07T19:33:14","date_gmt":"2015-06-07T17:33:14","guid":{"rendered":"http:\/\/www.judoclub-gornau.de\/?p=3186"},"modified":"2015-10-18T17:10:08","modified_gmt":"2015-10-18T15:10:08","slug":"pati-emi-und-fabi-konnten-sich-leider-nicht-qualifizieren","status":"publish","type":"post","link":"https:\/\/www.judoclub-gornau.de\/?p=3186","title":{"rendered":"Pati, Emi und Fabi konnten sich leider nicht qualifizieren"},"content":{"rendered":"<p>Bei den am vergangenen Wochenende, 06.Juni 2015, \u00a0stattgefundene Landeseinzelmeisterschaften der Altersklasse U15 in Bischofswerda konnten\u00a0unsere 3 Judoka diesmal keine vorderen Pl\u00e4tze belegen.<\/p>\n<p>Bei den M\u00e4dchen erk\u00e4mpften sich Emilie Schultz (-57kg) einen respektablen 5Platz und bei Patricia Sprunk (-44kg) reichte es diesmal nur f\u00fcr Rang 5. Auch bei Fabian Rauer (-50kg) reichte es in diesem Jahr nicht zu einem Medaillenplatz. Er schied leider schon in der Vorrunde aus.<\/p>\n<p>Somit f\u00e4llt f\u00fcr die Gornauer Judoka der AK U15 die Teilnahme an den Mitteldeutschen Meisterschaften f\u00fcr dieses Jahr aus.<\/p>\nngg_shortcode_0_placeholder\n","protected":false},"excerpt":{"rendered":"<p>Bei den am vergangenen Wochenende, 06.Juni 2015, \u00a0stattgefundene Landeseinzelmeisterschaften der Altersklasse U15 in Bischofswerda konnten\u00a0unsere 3 Judoka diesmal keine vorderen Pl\u00e4tze belegen. Bei den M\u00e4dchen erk\u00e4mpften sich Emilie Schultz (-57kg) einen respektablen 5Platz und bei Patricia Sprunk (-44kg) reichte es diesmal nur f\u00fcr Rang 5. Auch bei Fabian Rauer (-50kg) reichte es in diesem Jahr nicht zu einem Medaillenplatz. Er [&hellip;]<\/p>\n","protected":false},"author":3,"featured_media":0,"comment_status":"closed","ping_status":"closed","sticky":false,"template":"","format":"standard","meta":{"ngg_post_thumbnail":0,"footnotes":""},"categories":[3],"tags":[189,29,83],"class_list":["post-3186","post","type-post","status-publish","format-standard","hentry","category-ergebnisse","tag-bischofswerda","tag-lem","tag-u15"],"_links":{"self":[{"href":"https:\/\/www.judoclub-gornau.de\/index.php?rest_route=\/wp\/v2\/posts\/3186"}],"collection":[{"href":"https:\/\/www.judoclub-gornau.de\/index.php?rest_route=\/wp\/v2\/posts"}],"about":[{"href":"https:\/\/www.judoclub-gornau.de\/index.php?rest_route=\/wp\/v2\/types\/post"}],"author":[{"embeddable":true,"href":"https:\/\/www.judoclub-gornau.de\/index.php?rest_route=\/wp\/v2\/users\/3"}],"replies":[{"embeddable":true,"href":"https:\/\/www.judoclub-gornau.de\/index.php?rest_route=%2Fwp%2Fv2%2Fcomments&post=3186"}],"version-history":[{"count":5,"href":"https:\/\/www.judoclub-gornau.de\/index.php?rest_route=\/wp\/v2\/posts\/3186\/revisions"}],"predecessor-version":[{"id":3494,"href":"https:\/\/www.judoclub-gornau.de\/index.php?rest_route=\/wp\/v2\/posts\/3186\/revisions\/3494"}],"wp:attachment":[{"href":"https:\/\/www.judoclub-gornau.de\/index.php?rest_route=%2Fwp%2Fv2%2Fmedia&parent=3186"}],"wp:term":[{"taxonomy":"category","embeddable":true,"href":"https:\/\/www.judoclub-gornau.de\/index.php?rest_route=%2Fwp%2Fv2%2Fcategories&post=3186"},{"taxonomy":"post_tag","embeddable":true,"href":"https:\/\/www.judoclub-gornau.de\/index.php?rest_route=%2Fwp%2Fv2%2Ftags&post=3186"}],"curies":[{"name":"wp","href":"https:\/\/api.w.org\/{rel}","templated":true}]}}