{"id":3213,"date":"2015-07-15T20:16:40","date_gmt":"2015-07-15T18:16:40","guid":{"rendered":"http:\/\/www.judoclub-gornau.de\/?p=3213"},"modified":"2016-08-09T09:01:26","modified_gmt":"2016-08-09T07:01:26","slug":"erfolgreiche-guertelpruefung","status":"publish","type":"post","link":"https:\/\/www.judoclub-gornau.de\/?p=3213","title":{"rendered":"Erfolgreiche G\u00fcrtelpr\u00fcfung"},"content":{"rendered":"<p>Am 11.Juli 2015 fand im Rahmen unseres diesj\u00e4hrigen Zelt-u. Trainingslagers die erste G\u00fcrtelpr\u00fcfung statt. Gepr\u00fcft wurden insgesamt 6 Kyu-Grade und zur Pr\u00fcfung waren insgesamt 24 Pr\u00fcflinge angetreten.<\/p>\n<p>Als erste waren die Kinder an der Reihe, welche den 8.Kyu (wei\u00df\/ gelber G\u00fcrtel) und den 7.Kyu (gelber G\u00fcrtel) ablegen wollten. Um die Nervosit\u00e4t aus dem Ganzen zu nehmen, wurde erz\u00e4hlt, dass es \u201enur\u201c die Generalprobe sei. Dies zeigte Wirkung und die meisten Pr\u00fcflinge lie\u00dfen es etwas lockerer angehen. F\u00fcr zwei Probanten war es dann aber doch nur eine Generalprobe und sie mussten am Nachmittag noch einmal antreten. Um es kurz zu machen, bis auf die zwei zuk\u00fcnftigen Gelbgurte haben alle ihre Pr\u00fcfung bestanden, und waren hocherfreut es sie erfuhren, das dies doch schon als Pr\u00fcfung gewertet wurde.<\/p>\n<p>Am Nachmittag wurde es dann f\u00fcr die schon etwas fortgeschrittenen Judoka ernst. So standen Judoka auf der Matte, welche sich den orangenen (V.Kyu), den orange\/ gr\u00fcnen (IV.Kyu), den blauen (II.Kyu) und den braunen G\u00fcrtel (I.Kyu) umbinden wollten. Und nat\u00fcrlich die beiden Jungen vom Vormittag. Alle Judoka zeigten gute und sehr gute Leistungen und d\u00fcrfen sich zu Recht den neu erworbenen G\u00fcrtel umbinden.<\/p>\n<p>Hier die erreichten neuen Kyu-Grade:<\/p>\n<p>VIII.Kyu (wei\u00df\/gelb)\u00a0\u00a0\u00a0\u00a0\u00a0\u00a0\u00a0\u00a0\u00a0\u00a0\u00a0Dean Richter, Hanna Kertzscher, Lara Neubert, Elias Enderlein, Reuter Marius,<\/p>\n<p>Felix Golla,<\/p>\n<p>VII.Kyu (gelb)\u00a0\u00a0\u00a0\u00a0\u00a0\u00a0\u00a0\u00a0\u00a0\u00a0\u00a0\u00a0\u00a0\u00a0\u00a0\u00a0\u00a0\u00a0\u00a0\u00a0\u00a0\u00a0 Johanna Bilz, Fritz Bauer, Nick Reichel, Maximilian Mi\u00dfbach,\u00a0Sasha Fickert<\/p>\n<p>V.Kyu (orange)\u00a0\u00a0\u00a0\u00a0\u00a0\u00a0\u00a0\u00a0\u00a0\u00a0\u00a0\u00a0\u00a0\u00a0\u00a0\u00a0Emilie Schulz, Gustav Schulz, Aaron Thriemer, Celina Reichel,\u00a0Carlotta Oertel,<\/p>\n<p>Charlize Richter, Justin Baumann<\/p>\n<p>IV.Kyu (orange\/ gr\u00fcn)\u00a0\u00a0\u00a0\u00a0\u00a0\u00a0\u00a0\u00a0 Franz Bauer, Linus Thriemer<\/p>\n<p>II.Kyu (blau)\u00a0\u00a0\u00a0\u00a0\u00a0\u00a0\u00a0\u00a0\u00a0\u00a0\u00a0\u00a0\u00a0\u00a0\u00a0\u00a0\u00a0\u00a0\u00a0\u00a0\u00a0\u00a0\u00a0\u00a0\u00a0 Patricia Sprunk, Georg M\u00fcller, Fabian Rauer<\/p>\n<p>I.Kyu (braun)\u00a0\u00a0\u00a0\u00a0\u00a0\u00a0\u00a0\u00a0\u00a0\u00a0\u00a0\u00a0\u00a0\u00a0\u00a0\u00a0\u00a0\u00a0\u00a0\u00a0\u00a0\u00a0\u00a0\u00a0 Thilo Reimann<\/p>\n<p>&nbsp;<\/p>\n<p>Sehr sch\u00f6ne Fotos wurden wieder von unserem &#8222;Hausfotografen&#8220; Kay Thriemer geschossen und diese Fotos werden von Uwe noch eingepflegt<\/p>\n","protected":false},"excerpt":{"rendered":"<p>Am 11.Juli 2015 fand im Rahmen unseres diesj\u00e4hrigen Zelt-u. Trainingslagers die erste G\u00fcrtelpr\u00fcfung statt. Gepr\u00fcft wurden insgesamt 6 Kyu-Grade und zur Pr\u00fcfung waren insgesamt 24 Pr\u00fcflinge angetreten. Als erste waren die Kinder an der Reihe, welche den 8.Kyu (wei\u00df\/ gelber G\u00fcrtel) und den 7.Kyu (gelber G\u00fcrtel) ablegen wollten. Um die Nervosit\u00e4t aus dem Ganzen zu nehmen, wurde erz\u00e4hlt, dass es [&hellip;]<\/p>\n","protected":false},"author":3,"featured_media":0,"comment_status":"closed","ping_status":"closed","sticky":false,"template":"","format":"standard","meta":{"ngg_post_thumbnail":0,"footnotes":""},"categories":[3],"tags":[],"class_list":["post-3213","post","type-post","status-publish","format-standard","hentry","category-ergebnisse"],"_links":{"self":[{"href":"https:\/\/www.judoclub-gornau.de\/index.php?rest_route=\/wp\/v2\/posts\/3213"}],"collection":[{"href":"https:\/\/www.judoclub-gornau.de\/index.php?rest_route=\/wp\/v2\/posts"}],"about":[{"href":"https:\/\/www.judoclub-gornau.de\/index.php?rest_route=\/wp\/v2\/types\/post"}],"author":[{"embeddable":true,"href":"https:\/\/www.judoclub-gornau.de\/index.php?rest_route=\/wp\/v2\/users\/3"}],"replies":[{"embeddable":true,"href":"https:\/\/www.judoclub-gornau.de\/index.php?rest_route=%2Fwp%2Fv2%2Fcomments&post=3213"}],"version-history":[{"count":4,"href":"https:\/\/www.judoclub-gornau.de\/index.php?rest_route=\/wp\/v2\/posts\/3213\/revisions"}],"predecessor-version":[{"id":3217,"href":"https:\/\/www.judoclub-gornau.de\/index.php?rest_route=\/wp\/v2\/posts\/3213\/revisions\/3217"}],"wp:attachment":[{"href":"https:\/\/www.judoclub-gornau.de\/index.php?rest_route=%2Fwp%2Fv2%2Fmedia&parent=3213"}],"wp:term":[{"taxonomy":"category","embeddable":true,"href":"https:\/\/www.judoclub-gornau.de\/index.php?rest_route=%2Fwp%2Fv2%2Fcategories&post=3213"},{"taxonomy":"post_tag","embeddable":true,"href":"https:\/\/www.judoclub-gornau.de\/index.php?rest_route=%2Fwp%2Fv2%2Ftags&post=3213"}],"curies":[{"name":"wp","href":"https:\/\/api.w.org\/{rel}","templated":true}]}}