{"id":3220,"date":"2015-07-19T14:15:08","date_gmt":"2015-07-19T12:15:08","guid":{"rendered":"http:\/\/www.judoclub-gornau.de\/?p=3220"},"modified":"2016-08-09T09:01:07","modified_gmt":"2016-08-09T07:01:07","slug":"das-judo-lager-2015-ist-geschichte","status":"publish","type":"post","link":"https:\/\/www.judoclub-gornau.de\/?p=3220","title":{"rendered":"Das JUDO-Lager 2015 ist Geschichte"},"content":{"rendered":"<p>Im Zeitraum 10.-15.Juli f\u00fchrten wir\u00a0unser j\u00e4hrliches JUDO-Zelt-u. Trainingslager durch. Wo? Nat\u00fcrlich wie schon in den letzten Jahren im Freibad von Gornau, wo auch gleich nebenan\u00a0unsere Trainingshalle steht.<\/p>\n<p>Am Freitag begann man beizeiten mit den ersten Aufbauarbeiten des Lagers. So wurden mit Hilfe von vielen Elternteilen mehrere gro\u00dfe Zelte f\u00fcr die Verpflegung und als Essenszelte aufgebaut und eingerichtet. Diese Zelte wurden uns freundlicherweise von der Jugendfeuerwehr zur Verf\u00fcgung gestellt. Dann kamen die pers\u00f6nlichen Zelte an die Reihe. Am Abend erfolgte noch einmal eine Einweisung der einzelnen Gruppenleiter, ehe es zur ersten Nachtruhe ging.<\/p>\n<p>Der Sonnabend begann mit einem deftigem Fr\u00fchst\u00fcck, Einweisung der Campteilnehmer in den Ablauf und dem Thema des Lagers \u201eHerr der Ringe in Gornau\u201c, sowie der Lagerordnung.<\/p>\n<p>Dann ging es f\u00fcr die Ersten zur Kyu-Pr\u00fcfung. Gepr\u00fcft wurden die Anw\u00e4rter auf den 8. (G\u00fcrtel wei\u00df\/ gelb) und 7. Kyu (G\u00fcrtel gelb). Bis auf zwei \u201eExperten\u201c, welche den gelben G\u00fcrtel ablegen wollten, schafften alle den \u201eProbelauf\u201c, denn als solcher wurde er angek\u00fcndigt um die Nervosit\u00e4t herauszunehmen, zum neuen G\u00fcrtel. Am Nachmittag wurden dann die Kyu vom orangenen G\u00fcrtel (V.Kyu) bis zu braunen G\u00fcrtel (I.Kyu) gepr\u00fcft. Alle Pr\u00fcflinge zeigten gute bis sehr gute Leistungen und haben ihre Pr\u00fcfungen mit Bravour bestanden.<\/p>\n<p>Diese klasse Leistung wurde nat\u00fcrlich am Abend bei Soljanka und Gulaschsuppe geb\u00fchrend gefeiert. Danach wurden die Kinder von Gandalf in den \u201eZauberwald\u201c gef\u00fchrt. Daf\u00fcr wurden ihnen die Augen verbunden und sie mussten sich an einem Seil vorantasten und Diesem folgen. Da man in einem Bad war, bot sich nat\u00fcrlich an, dass der Weg auch etwas feucht wurde. Einige mussten sogar etwas tief \u201etauchen\u201c. Es hatten jedoch alle einen Heidenspa\u00df, auch wenn Maxi nach der Tour keine trockenen Schuhe mehr hatte und die Tr\u00e4nen etwas locker sa\u00dfen. Nat\u00fcrlich durfte das obligatorische Lagerfeuer am Abend nicht fehlen..<\/p>\n<p>Am Sonntag wartete ein besonderes Highlight auf alle Teilnehmer des Lagers. Der \u201eFinanzminister\u201c des Vereins hatte im Januar zum 60.Geburtstag eine Fahrt als Heizer auf einer historischen Dampflok von seinen Judoka geschenkt bekommen. Das wurde nat\u00fcrlich f\u00fcr eine gemeinsame Fahrt mit dieser Lok genutzt. In Steinbach ging man auf \u201egro\u00dfe Fahrt\u201c nach J\u00f6hstadt. Unterwegs wurde dann auch noch \u201eGandalf\u201c im Bachbett stehend gesichtet. Das war schon komisch, vermutete man doch den \u201eGandalf\u201c im F\u00fchrerstand der Lok.<\/p>\n<p>Auf der R\u00fcckfahrt stieg man schon eine Station fr\u00fcher aus und \u201eAm Wildbach\u201c gab es das Lieblingsessen der Kinder \u2013 Spaghetti. Es war enorm, was manche der kleinen Kn\u00f6pfe so in sich reinschaufeln k\u00f6nnen, wenn sie den ganzen Tag an der frischen Luft und in Gemeinschaft sind! Danach badeten die ganz \u201eHarten\u201c noch im Bach. Am Nachmittag war Besuchstag der Eltern, welche sich ein Bild davon machen konnten, was ihre Kleinen alles so veranstalten. Bei diversen Spielen und einem z\u00fcnftigen Grillabend ging der Abend zu Ende und in die Zelte kehrte relativ schnell Ruhe ein.<\/p>\n<p>Der Montag geh\u00f6rte dann der \u201eBudo-Safari\u201c. Da es die Nacht \u00fcber geregnet hatte, wurden s\u00e4mtliche Aktivit\u00e4ten in die Halle verlegt. H\u00f6hepunkt der Safari war dann das \u201eJapanische Randori\u201c. Hier k\u00e4mpften in den einzelnen Gruppen Jeder gegen Jeden und da ging es ganz sch\u00f6n zur Sache. Nat\u00fcrlich durfte auch der kreative Teil bei der Safari nicht fehlen. Die M\u00e4dchen und Jungen bastelten, malten und dichteten was das Zeug her gab. Heraus kamen wundersch\u00f6ne 3D-Bilder des Lagers, Trainer und Betreuer wurden portr\u00e4tiert und Carlotta brachte ein Gedicht zu Papier, welches alles auf einen Punkt brachte:<\/p>\n<p><strong>Das Judocamp<\/strong><\/p>\n<p>Heut\u00b4 Morgen, noch in aller Fr\u00fche,<\/p>\n<p>schleppten die Judoka mit gro\u00dfer M\u00fche<\/p>\n<p>Ihr Gep\u00e4ck ins Judocamp.<\/p>\n<p>4 Tage werden sie dort leben,<\/p>\n<p>Beim Training durch die L\u00fcfte schweben.<\/p>\n<p>Viel Spiel und Spa\u00df werden sie machen<\/p>\n<p>und ziemlich oft werden sie lachen.<\/p>\n<p>Traurig werden viele nach Hause geh\u00b4n.<\/p>\n<p>In den Ferien werden sie sich leider nicht mehr seh\u00b4n. (Carlotta Oertel)<\/p>\n<p>Nat\u00fcrlich kamen der Spa\u00df und das Spiel nicht zu kurz. In der Halle konnten sich am Nachmittag alle bei diversen Spielen, welche von Reimar Sesser hervorragend organisiert wurden und bei denen ihm Janet R\u00f6\u00dfler-Drechsel half, austoben. Am Abend gab es dann noch eine Filmvorf\u00fchrung in der Halle.<\/p>\n<p>F\u00fcr den Dienstag hatten die Organisatoren einen Gasttrainer vom Landesverband Sachsen verpflichten k\u00f6nnen. Unter fachkundiger Anleitung wurden allen Judoka im ersten Teil verschiedene Wettkampftechniken beigebracht, welche flei\u00dfig ge\u00fcbt wurden. W\u00e4hrend die Kinder dann zum Spielen ins Lager gingen, \u00fcbten die Jugendlichen und Erwachsenen noch diverse Selbstverteidigungstechniken. Unter anderem wurde auch die Wirkungsweise bestimmter Drucktechniken auf spezielle Nervenpunkte demonstriert. Das war nat\u00fcrlich sehr imposant, als einer unser doch relativ stabilen Judoka wie vom Blitz gef\u00e4llt umfiel. Nach dem Mittagessen, welches wir dieses Jahr vom \u201eCafe Carola\u201c aus Gornau geliefert bekamen und einer kurzen Pause gab es dann f\u00fcr die Kleinen wieder Spiel und Spa\u00df auf der Matte. Die gr\u00f6\u00dferen Judoka bereiteten in der Zwischenzeit alles f\u00fcr die Nachtwanderung vor, welche auch in diesem Jahr wieder ein besonderer H\u00f6hepunkt werden sollte. Mit viel Fantasie verwandelten sich am Abend dann die Mitstreiter unseres Kassenwarts in allerhand gruselige Gestalten aus dem Film \u201eHerr der Ringe\u201c. Die Wanderung war auch wieder ein voller Erfolg. Die Macher hatten dann doch einige zu gruselige Szenen weggelassen und in diesem Jahr kehrte keiner der kleinen Wanderer vorzeitig wegen zu gro\u00dfer Angst um. Ziemlich ersch\u00f6pft fielen nach dieser Wanderung alle in ihre Zelte.<\/p>\n<p>Nach dem Fr\u00fchst\u00fcck hie\u00df es dann am Mittwoch das Lager wieder abbauen. Dank vieler Eltern ging es relativ z\u00fcgig und die Bef\u00fcrchtung der Organisatoren, dass die Zelte der Feuerwehr eventuell nicht trocken genug sein k\u00f6nnten, bewahrheitete sich zum Gl\u00fcck nicht.<\/p>\n<p>Der JUDO-CLUB Gornau e.V. m\u00f6chte sich an dieser Stelle bei den vielen Eltern bedanken, welche beim Auf- und Abbau sowie dem K\u00fcchenteam um Fatima, Anja und Uta geholfen und diverse Speisen und Getr\u00e4nke sowie Eis und Fr\u00fcchte zur Verpflegung gespendet haben. Lobend muss man hier auch die jugendlichen Gruppenbetreuer, Emilie Schulz, Patricia Sprunk, Jakob Lindner, Linus Thriemer, Theodor R\u00f6\u00dfler und Christian Achatz erw\u00e4hnen, welche ihre Aufgabe hervorragend gemeistert haben. Ein herzliches Dankesch\u00f6n auch an unsere Nachtwachen, welche daf\u00fcr gesorgt haben, dass alle in Ruhe schlafen konnten und Dank auch an unsere &#8222;Medizinfrau&#8220; Frau Dr. Kertzscher. Bedanken m\u00f6chten wir uns auch beim Dental-Labor Schiebold f\u00fcr die finanzielle Unterst\u00fctzung und der Firma Faber f\u00fcr die Bereitstellung eines Transportfahrzeuges. Ein gro\u00dfer Dank geht an die Gemeinde Gornau, welche es uns erm\u00f6glicht hat, auch dieses Jahr das Lager im Freibad und der Turnhalle durchzuf\u00fchren. Besonderer Dank daf\u00fcr an die B\u00fcrgermeisterin Frau Johanna Vogler, sowie an Sven Krull. Nat\u00fcrlich m\u00f6chten wir uns auch bei Germania Gornau bedanken, welche uns die Duschen zur Nutzung \u00fcberlassen haben.\u00a0 Selbstverst\u00e4ndlich geb\u00fchrt auch der Jugendfeuerwehr und dem Landratsamt ein gro\u00dfes Dankesch\u00f6n f\u00fcr die gute Zusammenarbeit.<\/p>\nngg_shortcode_0_placeholder\n","protected":false},"excerpt":{"rendered":"<p>Im Zeitraum 10.-15.Juli f\u00fchrten wir\u00a0unser j\u00e4hrliches JUDO-Zelt-u. Trainingslager durch. Wo? Nat\u00fcrlich wie schon in den letzten Jahren im Freibad von Gornau, wo auch gleich nebenan\u00a0unsere Trainingshalle steht. Am Freitag begann man beizeiten mit den ersten Aufbauarbeiten des Lagers. So wurden mit Hilfe von vielen Elternteilen mehrere gro\u00dfe Zelte f\u00fcr die Verpflegung und als Essenszelte aufgebaut und eingerichtet. Diese Zelte wurden [&hellip;]<\/p>\n","protected":false},"author":3,"featured_media":5945,"comment_status":"closed","ping_status":"closed","sticky":false,"template":"","format":"standard","meta":{"ngg_post_thumbnail":0,"footnotes":""},"categories":[5],"tags":[],"class_list":["post-3220","post","type-post","status-publish","format-standard","has-post-thumbnail","hentry","category-sonstiges"],"_links":{"self":[{"href":"https:\/\/www.judoclub-gornau.de\/index.php?rest_route=\/wp\/v2\/posts\/3220"}],"collection":[{"href":"https:\/\/www.judoclub-gornau.de\/index.php?rest_route=\/wp\/v2\/posts"}],"about":[{"href":"https:\/\/www.judoclub-gornau.de\/index.php?rest_route=\/wp\/v2\/types\/post"}],"author":[{"embeddable":true,"href":"https:\/\/www.judoclub-gornau.de\/index.php?rest_route=\/wp\/v2\/users\/3"}],"replies":[{"embeddable":true,"href":"https:\/\/www.judoclub-gornau.de\/index.php?rest_route=%2Fwp%2Fv2%2Fcomments&post=3220"}],"version-history":[{"count":5,"href":"https:\/\/www.judoclub-gornau.de\/index.php?rest_route=\/wp\/v2\/posts\/3220\/revisions"}],"predecessor-version":[{"id":3900,"href":"https:\/\/www.judoclub-gornau.de\/index.php?rest_route=\/wp\/v2\/posts\/3220\/revisions\/3900"}],"wp:featuredmedia":[{"embeddable":true,"href":"https:\/\/www.judoclub-gornau.de\/index.php?rest_route=\/wp\/v2\/media\/5945"}],"wp:attachment":[{"href":"https:\/\/www.judoclub-gornau.de\/index.php?rest_route=%2Fwp%2Fv2%2Fmedia&parent=3220"}],"wp:term":[{"taxonomy":"category","embeddable":true,"href":"https:\/\/www.judoclub-gornau.de\/index.php?rest_route=%2Fwp%2Fv2%2Fcategories&post=3220"},{"taxonomy":"post_tag","embeddable":true,"href":"https:\/\/www.judoclub-gornau.de\/index.php?rest_route=%2Fwp%2Fv2%2Ftags&post=3220"}],"curies":[{"name":"wp","href":"https:\/\/api.w.org\/{rel}","templated":true}]}}