{"id":4064,"date":"2016-02-14T20:52:18","date_gmt":"2016-02-14T18:52:18","guid":{"rendered":"http:\/\/www.judoclub-gornau.de\/?p=4064"},"modified":"2016-05-23T12:05:12","modified_gmt":"2016-05-23T10:05:12","slug":"theo-und-georg-loesen-fahrkarte-zur-dm","status":"publish","type":"post","link":"https:\/\/www.judoclub-gornau.de\/?p=4064","title":{"rendered":"Theo und Georg l\u00f6sen Fahrkarte zur DM"},"content":{"rendered":"<p>Bei den am Wochenende durchgef\u00fchrten Mitteldeutschen Meisterschaften der Altersklassen U18 und 21 konnten jeweils ein Aktiver unseres Vereins eine Fahrkarte zu den Deutschen Meisterschaften in Herne (U18) bzw. in Frankfurt\/ Oder (U21) l\u00f6sen.<\/p>\n<p>In der U18 wurden die unsere Farben am 13.Februar von Theodor R\u00f6\u00dfler (-66kg) und Georg M\u00fcller (+90kg) vertreten. Alle Hoffnungen ruhten nat\u00fcrlich auf Theodor R\u00f6\u00dfler, doch er konnte in dieser Altersklasse seinen Erfolg vom vergangenen Jahr leider nicht wiederholen. Trotz guter Leistung reichte es bei den insgesamt 12 Teilnehmern nur zu Rang 7.<\/p>\n<p>Anders Georg M\u00fcller. Er \u00fcberraschte seinen Trainer Uwe Drechsel. Von seinen 4 K\u00e4mpfen konnte er 2 f\u00fcr sich entscheiden. Er sicherte sich damit eine Bronzemedaille und eine Fahrkarte zu den am 27.Februar stattfindenden Deutschen Einzelmeisterschaften der U18 in Herne.<\/p>\n<p>Am 14 Februar hie\u00df es f\u00fcr erneut Hajime f\u00fcr Theodor R\u00f6\u00dfler (-66kg). Diesmal in der Altersklasse U21, in welcher er der j\u00fcngste Teilnehmer war. Diesmal lie\u00df er nichts anbrennen. Mit einem Feuerwerk an verschiedenen Techniken wollte er seine Platzierung vom Vortag vergessen machen. Mit Julien Jung (Auma) fing er an. Als erstes gab es Waza-Ari f\u00fcr einen O-Uchi-Gari und danach folgte ein filmreifer Uchi-Mata, welcher mit Ippon belohnt wurde. Leider musste er einen Sieg gegen Simon Brehm (Wanzleben) abgeben. In der Hoffnungsrunde fegte er dann jedoch Marius Elfert (Stendal) mit 2x Waza-Ari f\u00fcr Tai-Otoshi von der Matte. Im Kampf um Bronze konnte Theodor dann noch Markus Herold (Reichenberg\/Boxdorf) mit einem O-Soto-Gari von den Beinen holen und das nach einem R\u00fcckstand von einem Waza-Ari f\u00fcr Herold. Theodor f\u00e4hrt also am 05.M\u00e4rz zu den Deutschen Einzelmeisterschaften der Altersklasse U21 nach Frankfurt\/ Oder. Der zweite Gornauer Starter in der U21, Johannes M\u00fcller schaffte es leider nicht, einen Platz auf dem Treppchen zu ergattern. F\u00fcr ihn sprang am Ende nur Rang 5 heraus.<\/p>\n<p>&nbsp;<\/p>\nngg_shortcode_0_placeholder\n","protected":false},"excerpt":{"rendered":"<p>Bei den am Wochenende durchgef\u00fchrten Mitteldeutschen Meisterschaften der Altersklassen U18 und 21 konnten jeweils ein Aktiver unseres Vereins eine Fahrkarte zu den Deutschen Meisterschaften in Herne (U18) bzw. in Frankfurt\/ Oder (U21) l\u00f6sen. In der U18 wurden die unsere Farben am 13.Februar von Theodor R\u00f6\u00dfler (-66kg) und Georg M\u00fcller (+90kg) vertreten. Alle Hoffnungen ruhten nat\u00fcrlich auf Theodor R\u00f6\u00dfler, doch er [&hellip;]<\/p>\n","protected":false},"author":3,"featured_media":0,"comment_status":"closed","ping_status":"closed","sticky":false,"template":"","format":"standard","meta":{"ngg_post_thumbnail":0,"footnotes":""},"categories":[3],"tags":[195,196,117],"class_list":["post-4064","post","type-post","status-publish","format-standard","hentry","category-ergebnisse","tag-mdem-u18","tag-mdem-u21","tag-rammenau"],"_links":{"self":[{"href":"https:\/\/www.judoclub-gornau.de\/index.php?rest_route=\/wp\/v2\/posts\/4064"}],"collection":[{"href":"https:\/\/www.judoclub-gornau.de\/index.php?rest_route=\/wp\/v2\/posts"}],"about":[{"href":"https:\/\/www.judoclub-gornau.de\/index.php?rest_route=\/wp\/v2\/types\/post"}],"author":[{"embeddable":true,"href":"https:\/\/www.judoclub-gornau.de\/index.php?rest_route=\/wp\/v2\/users\/3"}],"replies":[{"embeddable":true,"href":"https:\/\/www.judoclub-gornau.de\/index.php?rest_route=%2Fwp%2Fv2%2Fcomments&post=4064"}],"version-history":[{"count":5,"href":"https:\/\/www.judoclub-gornau.de\/index.php?rest_route=\/wp\/v2\/posts\/4064\/revisions"}],"predecessor-version":[{"id":4108,"href":"https:\/\/www.judoclub-gornau.de\/index.php?rest_route=\/wp\/v2\/posts\/4064\/revisions\/4108"}],"wp:attachment":[{"href":"https:\/\/www.judoclub-gornau.de\/index.php?rest_route=%2Fwp%2Fv2%2Fmedia&parent=4064"}],"wp:term":[{"taxonomy":"category","embeddable":true,"href":"https:\/\/www.judoclub-gornau.de\/index.php?rest_route=%2Fwp%2Fv2%2Fcategories&post=4064"},{"taxonomy":"post_tag","embeddable":true,"href":"https:\/\/www.judoclub-gornau.de\/index.php?rest_route=%2Fwp%2Fv2%2Ftags&post=4064"}],"curies":[{"name":"wp","href":"https:\/\/api.w.org\/{rel}","templated":true}]}}