{"id":4123,"date":"2016-03-13T20:25:24","date_gmt":"2016-03-13T18:25:24","guid":{"rendered":"http:\/\/www.judoclub-gornau.de\/?p=4123"},"modified":"2016-05-23T12:04:46","modified_gmt":"2016-05-23T10:04:46","slug":"gornauer-judoka-in-eilenburg-erfolgreich","status":"publish","type":"post","link":"https:\/\/www.judoclub-gornau.de\/?p=4123","title":{"rendered":"Gornauer Judoka in Eilenburg erfolgreich"},"content":{"rendered":"<p>Zum W\u00c4TAS-Cup am 12.\/13. M\u00e4rz 2016 in Eilenburg konnten unsere Judoka der Altersklassen U9-U18 wieder diverse Erfolge f\u00fcr sich verbuchen.<\/p>\n<p>In der U9 \u00fcberzeugte Dean Richter (-22,1kg) zum wiederholten Mal. In seiner Gewichtsklasse standen insgesamt 5 Judoka auf der Matte, also hie\u00df es \u201eJeder gegen Jeden\u201c. Bei diesen Vergleichen musste sich Dean nur Ludwig Otto aus Holzhausen geschlagen geben und trat somit die Heimreise mit Silber an. Nick Reichel (-25kg) stand in der U11 auf der Matte. Durch einen Fehler am Kampfrichtertisch wurde er um den Sieg im ersten Kampf gebracht. Nick erk\u00e4mpfte sich erst eine kleine Wertung (Yuko) und sp\u00e4ter einen Waza-Ari (mittlere Wertung). Diese Wertung wurde aber an der Anzeige seinem Gegner gutgeschrieben. Dies wurde leider vom Kampfrichter und auch vom Betreuer nicht wahrgenommen. Da der Kampf \u00fcber die gesamte Zeit lief und beide K\u00e4mpfer mit keinem Ippon aufwerten konnte, erkl\u00e4rte der Mattenrichter Nick\u00b4s Gegner zum Sieger. Da half dann auch kein Protest vom Gornauer Betreuer Tino W\u00e4chtler. Dadurch kam Nick in die Hoffnungsrunde. Hier lie\u00df er nichts anbrennen, beendete alle seine K\u00e4mpfe siegreich und sicherte sich damit wenigstens Bronze.<\/p>\n<p>Franz Bauer (-37kg), Justin Baumann (-40kg) und Fabian Rauer (-60kg) starteten in der Altersklasse U15. F\u00fcr Franz reichte es trotz gro\u00dfer Anstrengung nicht f\u00fcr einen Podestplatz. Am Ende Rang 5. Justin Baumann und Fabian Rauer \u00fcberzeugten wieder auf ganzer Linie. Technisch versiert und konzentriert bestritten sie ihre Begegnungen siegreich und erk\u00e4mpften sich Gold.<\/p>\n<p>Den Vogel schoss Emilie Schulz -57kg) ab. In ihrer Gewichtsklasse hie\u00df es auch \u201eJeder gegen Jeden\u201c und Emilie bestritt insgesamt 3 K\u00e4mpfe. Davon gewann sie 2 mit Ippon, welcher mit je10 Punkten gewertet wurde. Ihre Gegnerinnen konnten ihre K\u00e4mpfe jedoch nicht durch Ippon gewinnen und so stand Emilie auf dem obersten Treppchen. Die Kr\u00f6nung war dann noch, als es zur Mannschaftswertung kam. Bedingt durch die geringe Teilnehmerzahl in der U15 und bei den M\u00e4dchen speziell gab es in der Mannschaftswertung einen 1.Platz und 4x Rang 2, wovon einer an unsere Emilie ging.<\/p>\n<p>Am Sonntag standen die Judoka der Altersklassen U13 und U18 auf der Tatami. Bei den M\u00e4dchen konnten wir diesmal nur ein \u201edynamisches Duo\u201c und kein Trio auf die Matte schicken. Carlotta Oertel (-36kg) und Celina Reichel (-40kg) holten die Kastanien aus dem Feuer. Beide waren die absoluten Bringer auf der Matte. Celina konnte in allen ihren 4 Begegnungen einen O-Goshi (H\u00fcftwurf) durchsetzen und gewann souver\u00e4n. Das Gleiche gilt f\u00fcr Carlotta, diese war nur noch etwas vielseitiger in der Technikauswahl. Beide Judoka holten verdienterma\u00dfen Gold. Linus Thriemer (-50kg), Theodor R\u00f6\u00dfler (-66kg) und Christian Achatz (-73kg) vetraten unsere Farben in der Altersklasse U18. Theodor R\u00f6\u00dfler lie\u00df von Anfang an keinen Zweifel aufkommen, wer Chef auf der Matte ist. Er bezwang Kluge (Naumburg) und Kirsche (Randori Leipzig) mit Uchi-Mata, Vorwerk (DHFK Leipzig) mit Tai-Otoshi und Beilstein (PSV Leipzig) mit O-Soto-Gari. Daf\u00fcr gab es Gold. Unser Leichtgewicht, Linus Thriemer, sicherte sich in seiner Gewichtsklasse den Bronzerang und f\u00fcr Christian Achatz reichte es bei diesem Turnier leider nicht f\u00fcr einen Platz auf dem Treppchen. Er musste sich mit Rang 5 begn\u00fcgen.<\/p>\nngg_shortcode_0_placeholder\n","protected":false},"excerpt":{"rendered":"<p>Zum W\u00c4TAS-Cup am 12.\/13. M\u00e4rz 2016 in Eilenburg konnten unsere Judoka der Altersklassen U9-U18 wieder diverse Erfolge f\u00fcr sich verbuchen. In der U9 \u00fcberzeugte Dean Richter (-22,1kg) zum wiederholten Mal. In seiner Gewichtsklasse standen insgesamt 5 Judoka auf der Matte, also hie\u00df es \u201eJeder gegen Jeden\u201c. Bei diesen Vergleichen musste sich Dean nur Ludwig Otto aus Holzhausen geschlagen geben und [&hellip;]<\/p>\n","protected":false},"author":3,"featured_media":0,"comment_status":"closed","ping_status":"closed","sticky":false,"template":"","format":"standard","meta":{"ngg_post_thumbnail":0,"footnotes":""},"categories":[3],"tags":[200,177,16,82,83,128,22,176],"class_list":["post-4123","post","type-post","status-publish","format-standard","hentry","category-ergebnisse","tag-200","tag-eilenburg","tag-u11","tag-u13","tag-u15","tag-u18","tag-u9","tag-watas-cup"],"_links":{"self":[{"href":"https:\/\/www.judoclub-gornau.de\/index.php?rest_route=\/wp\/v2\/posts\/4123"}],"collection":[{"href":"https:\/\/www.judoclub-gornau.de\/index.php?rest_route=\/wp\/v2\/posts"}],"about":[{"href":"https:\/\/www.judoclub-gornau.de\/index.php?rest_route=\/wp\/v2\/types\/post"}],"author":[{"embeddable":true,"href":"https:\/\/www.judoclub-gornau.de\/index.php?rest_route=\/wp\/v2\/users\/3"}],"replies":[{"embeddable":true,"href":"https:\/\/www.judoclub-gornau.de\/index.php?rest_route=%2Fwp%2Fv2%2Fcomments&post=4123"}],"version-history":[{"count":4,"href":"https:\/\/www.judoclub-gornau.de\/index.php?rest_route=\/wp\/v2\/posts\/4123\/revisions"}],"predecessor-version":[{"id":4223,"href":"https:\/\/www.judoclub-gornau.de\/index.php?rest_route=\/wp\/v2\/posts\/4123\/revisions\/4223"}],"wp:attachment":[{"href":"https:\/\/www.judoclub-gornau.de\/index.php?rest_route=%2Fwp%2Fv2%2Fmedia&parent=4123"}],"wp:term":[{"taxonomy":"category","embeddable":true,"href":"https:\/\/www.judoclub-gornau.de\/index.php?rest_route=%2Fwp%2Fv2%2Fcategories&post=4123"},{"taxonomy":"post_tag","embeddable":true,"href":"https:\/\/www.judoclub-gornau.de\/index.php?rest_route=%2Fwp%2Fv2%2Ftags&post=4123"}],"curies":[{"name":"wp","href":"https:\/\/api.w.org\/{rel}","templated":true}]}}