{"id":4234,"date":"2016-04-17T19:09:10","date_gmt":"2016-04-17T17:09:10","guid":{"rendered":"http:\/\/www.judoclub-gornau.de\/?p=4234"},"modified":"2016-10-04T19:39:20","modified_gmt":"2016-10-04T17:39:20","slug":"4234","status":"publish","type":"post","link":"https:\/\/www.judoclub-gornau.de\/?p=4234","title":{"rendered":"Medaillenregen in Langenhessen"},"content":{"rendered":"<p>Mit 3x Gold, 1x Silber und 2x Bronze kehrten\u00a0unsere m\u00e4nnlichen Starter am 16.04.2016 aus Langenhessen zur\u00fcck. Sie standen dort in den Altersklassen U13-U23 beim \u201ePokal der Stadt Werdau\u201c auf der Matte.<\/p>\n<p>Die erste Bronzemedaille holte Gustav Schulz (-50kg) in der Altersklasse U13. Bedingt durch Trainingsausfall wegen mehrerer Verletzungen war diesmal leider nicht mehr drin.<\/p>\n<p>Die zweite Bronzemedaille holte f\u00fcr uns Fabian Rauer (-60kg)in der U15. Leider gab er seinen ersten Kampf gegen Erwin Adam (Rodewisch) ab und konnte daher \u00fcber die Hoffnungsrunde nur noch um Platz Drei k\u00e4mpfen, was mit Siegen \u00fcber H\u00fcbler (Chemnitzer PSV) und K\u00e4mpfe (JSV Werdau) gelang.<\/p>\n<p>In der Altersklasse U18 konnten wir wieder richtig auftrumpfen. Linus Thriemer (-50kg), unser leichtester Starter in dieser Altersklasse, erk\u00e4mpfte sich eine Silbermedaille. Er musste sich nur Tomas Kaulfu\u00df aus Tschechien geschlagen geben. Theodor R\u00f6\u00dfler \/-66kg) und Georg M\u00fcller (+90kg) waren eine sicher Bank f\u00fcr uns in der U18. Beide konnten alle ihre K\u00e4mpfe mit vielf\u00e4ltigen Wurftechniken siegreich beenden und sicherten sich damit verdienterma\u00dfen Gold in ihren Gewichtsklassen.<\/p>\n<p>In der Altersklasse U23 konnten\u00a0wir leider nur\u00a0Jakob Lindner\u00a0auf die Matte stellen, da Johannes M\u00fcller kurzzeitig erkrankt war.\u00a0Jakob Lindner (-73kg), lie\u00df auch nichts anbrennen und sicherte sich in seiner Gewichtsklasse Gold.<\/p>\nngg_shortcode_0_placeholder\n","protected":false},"excerpt":{"rendered":"<p>Mit 3x Gold, 1x Silber und 2x Bronze kehrten\u00a0unsere m\u00e4nnlichen Starter am 16.04.2016 aus Langenhessen zur\u00fcck. Sie standen dort in den Altersklassen U13-U23 beim \u201ePokal der Stadt Werdau\u201c auf der Matte. Die erste Bronzemedaille holte Gustav Schulz (-50kg) in der Altersklasse U13. Bedingt durch Trainingsausfall wegen mehrerer Verletzungen war diesmal leider nicht mehr drin. Die zweite Bronzemedaille holte f\u00fcr uns [&hellip;]<\/p>\n","protected":false},"author":3,"featured_media":0,"comment_status":"closed","ping_status":"closed","sticky":false,"template":"","format":"standard","meta":{"ngg_post_thumbnail":0,"footnotes":""},"categories":[3],"tags":[85,178,82,83,128,201],"class_list":["post-4234","post","type-post","status-publish","format-standard","hentry","category-ergebnisse","tag-langenhessen","tag-pokal-der-stadt-werdau","tag-u13","tag-u15","tag-u18","tag-u23"],"_links":{"self":[{"href":"https:\/\/www.judoclub-gornau.de\/index.php?rest_route=\/wp\/v2\/posts\/4234"}],"collection":[{"href":"https:\/\/www.judoclub-gornau.de\/index.php?rest_route=\/wp\/v2\/posts"}],"about":[{"href":"https:\/\/www.judoclub-gornau.de\/index.php?rest_route=\/wp\/v2\/types\/post"}],"author":[{"embeddable":true,"href":"https:\/\/www.judoclub-gornau.de\/index.php?rest_route=\/wp\/v2\/users\/3"}],"replies":[{"embeddable":true,"href":"https:\/\/www.judoclub-gornau.de\/index.php?rest_route=%2Fwp%2Fv2%2Fcomments&post=4234"}],"version-history":[{"count":8,"href":"https:\/\/www.judoclub-gornau.de\/index.php?rest_route=\/wp\/v2\/posts\/4234\/revisions"}],"predecessor-version":[{"id":5331,"href":"https:\/\/www.judoclub-gornau.de\/index.php?rest_route=\/wp\/v2\/posts\/4234\/revisions\/5331"}],"wp:attachment":[{"href":"https:\/\/www.judoclub-gornau.de\/index.php?rest_route=%2Fwp%2Fv2%2Fmedia&parent=4234"}],"wp:term":[{"taxonomy":"category","embeddable":true,"href":"https:\/\/www.judoclub-gornau.de\/index.php?rest_route=%2Fwp%2Fv2%2Fcategories&post=4234"},{"taxonomy":"post_tag","embeddable":true,"href":"https:\/\/www.judoclub-gornau.de\/index.php?rest_route=%2Fwp%2Fv2%2Ftags&post=4234"}],"curies":[{"name":"wp","href":"https:\/\/api.w.org\/{rel}","templated":true}]}}