{"id":4279,"date":"2016-07-08T19:41:12","date_gmt":"2016-07-08T17:41:12","guid":{"rendered":"http:\/\/www.judoclub-gornau.de\/?p=4279"},"modified":"2017-04-02T18:23:08","modified_gmt":"2017-04-02T16:23:08","slug":"das-judo-lager-2016-ist-auch-wieder-geschichte","status":"publish","type":"post","link":"https:\/\/www.judoclub-gornau.de\/?p=4279","title":{"rendered":"Das JUDO-Lager 2016 ist auch wieder Geschichte"},"content":{"rendered":"<p>Im Zeitraum 24. \u2013 29.06.2016 f\u00fchrten wir unser\u00a0 j\u00e4hrliches JUDO-Zelt-u. Trainingslager durch. Wo? Nat\u00fcrlich wie schon in den letzten Jahren im Freibad von Gornau, wo auch gleich nebenan unsere Trainingshalle steht.<\/p>\n<p>Am Freitag begann man beizeiten mit den ersten Aufbauarbeiten des Lagers. So wurden mehrere gro\u00dfe Zelte f\u00fcr die Verpflegung und als Essenszelte aufgebaut und eingerichtet. Diese Zelte wurden uns freundlicherweise von der Jugendfeuerwehr zur Verf\u00fcgung gestellt. Dann kamen die pers\u00f6nlichen Zelte an die Reihe. Am Abend erfolgte noch einmal eine Einweisung der einzelnen Gruppenleiter, ehe es zur ersten Nachtruhe ging.<\/p>\n<p>Der Sonnabend begann mit einem deftigem Fr\u00fchst\u00fcck, Einweisung der Campteilnehmer in den Ablauf und das Thema des Lagers \u201eDie wilden H\u00fchner und die Pygm\u00e4engang von Gornau\u201c, sowie der Lagerordnung und die Aufteilung der Gruppen.<\/p>\n<p>Dann ging es f\u00fcr die Ersten zur Kyu-Pr\u00fcfung. Gepr\u00fcft wurden die Anw\u00e4rter auf den 8. (G\u00fcrtel wei\u00df\/ gelb), den 7. (G\u00fcrtel gelb) und den 6.Kyu (G\u00fcrtel gelb\/orange). Zwei \u201eExperten\u201c, welche den gelben G\u00fcrtel ablegen wollten, d\u00fcrfen dies im Herbst noch einmal probieren und die vier Kandidaten, welche sich f\u00fcr den 6.Kyu vorstellten, durften dies am Nachmittag noch einmal versuchen. Nach dem Mittagessen und einer Mittagsruhe wurden dann die h\u00f6heren Kyu-Grade abgefragt. Vom orangenen G\u00fcrtel (V.Kyu) bis zu braunen G\u00fcrtel (I.Kyu) war alles dabei. Und nat\u00fcrlich die vier Pr\u00fcflinge vom Vormittag. Diese schafften es diesmal und d\u00fcrfen nun den gelb-orangen G\u00fcrtel tragen. Alle anderen Pr\u00fcflinge zeigten gute bis sehr gute Leistungen und haben ihre Pr\u00fcfungen mit Bravour bestanden. Mit Patricia Sprunk hat der JC Gornau in seinen Reihen die bisherige j\u00fcngste Tr\u00e4gerin des I.Kyu (brauner G\u00fcrtel). F\u00fcr die Eltern der Kinder hatten das Orga-Team um Stephan Henz etwas Besonderes vorbereitet. So konnte, wer wollte, von Sonnabend bis Montag jeweils f\u00fcr eine Stunde ein Kurs in Selbstverteidigung absolviert werden. Dieses Angebot wurde dankbar und in gro\u00dfer Anzahl in Anspruch genommen. Nach dem Abendbrot, einer z\u00fcnftigen\u00a0Soljanka, wurden an die Pr\u00fcflinge die Urkunden f\u00fcr den neuen Kyu-Grad \u00fcberreicht und danach\u00a0schaute man dann einen Film \u00fcber das Lagerthema.<br \/>\nNach dem Fr\u00fchst\u00fcck fuhr am Sonntag \u00a0das gesamte Lager, au\u00dfer unseren K\u00fcchenfeen, nach Chemnitz und besuchte in Rabenstein den dortigen Zoo. F\u00fcr viele war es der erste Besuch dort \u00fcberhaupt und von den Erwachsenen waren auch viele sehr lange nicht dort und so gab es viel Neues zu bestaunen. Als man am Nachmittag im Camp eintraf badete man ausgiebig und dann wurden die Eltern begr\u00fc\u00dft, welche zum Familientag eingetroffen waren. Highlight war nat\u00fcrlich die Fahrt mit einer Hebeb\u00fchne der Fa. Richter-Baumpflege aus Neukirchen. In einer Kabine ging es, gut angeschnallt und gesichert, bis zu 27 Meter in die H\u00f6he und da kamen selbst die Erwachsenen aus dem Staunen nicht heraus.\u00a0 Der Ausblick war \u00fcberw\u00e4ltigend. Sp\u00e4ter ging es, nach einem ausgiebigen Grillabend, mit der Aufnahmepr\u00fcfung der \u201eWilden H\u00fchner\u201c weiter, was eine ziemlich feuchte Angelegenheit war.<\/p>\n<p>Der Montag stand dann ganz im Zeichen der \u201eBudo-Safari\u201c. Am Vormittag absolvierten die Judoka den leichtathletischen Teil wie Wurf\/ Sprung und Lauf. Nach dem Mittagessen und dem obligatorischen \u201eAusruhen\u201c hie\u00df es dann in der Halle \u201eHajime\u201c beim japanischen Randori der einzelnen Gruppen. Die besten Leistungen erzielten dabei Fritz Bauer, Carlotta Oertel und Justin Baumann. Nach den \u201ehei\u00dfen\u201c Randoris k\u00fchlte man sich im Freibad wieder ab. Zur \u201eBudo-Safari\u201c geh\u00f6rte auch ein kreativer Teil, welcher mit Judo bzw. dem Thema des Lager zu tun haben sollte. Hier gl\u00e4nzten Carlotta Oertel mit einem Gedicht und Charlize Richter mit dem Nachbau eines bunten Huhnes.<\/p>\n<p>Nat\u00fcrlich hatten auch die \u201eGornauer Pygm\u00e4en\u201c ihr Aufnahmeritual zu absolvieren und das war auch nicht ganz einfach. Das ORGA-Team hatte noch einen weiteren H\u00f6hepunkt geplant. Gegen 16.00 Uhr hie\u00df es mit einem Mal \u201eFeuer!!!!!\u201c und Alles rannte zum Sanit\u00e4rtrackt des Freibades, welcher als Sammelpunkt bei derartigen Sachen zur Einweisung benannt wurde. Das geschah so schnell und geordnet, dass sogar einige offizielle Badeg\u00e4ste des Freibades vorsorglich mit rannten und sich auch mit aufstellten. Das \u201eFeuer\u201c war nat\u00fcrlich kein Solches, sondern nur als eine \u00dcbung gedacht und die Kameraden der Freiwilligen Feuerwehr warteten schon um die Ecke. Sie kamen sogar mit kurzem Sondersignal. Das war nat\u00fcrlich etwas ganz Aufregendes f\u00fcr unsere, haupts\u00e4chlich kleinen Judoka, und auch die Gr\u00f6\u00dferen erfuhren von den Kameraden viele wissenswerte Details \u00fcber die Arbeit der Feuerwehr. So konnten sie das Innere des Fahrzeuges bestaunen, sich hineinsetzen, ihnen wurde der Aufbau sowie der Ablauf eines Einsatzes erkl\u00e4rt und vieles mehr. Daf\u00fcr an dieser Stelle noch einmal ein herzliches Dankesch\u00f6n an die Kameraden der Freiwilligen Feuerwehr Gornau, welche dies erm\u00f6glicht haben. Der Abend klang dann beim schon legend\u00e4ren \u201eSchmuggler-Spiel\u201c aus.<\/p>\n<p>Der Dienstag begann mit der Vorbereitung der Schauvorf\u00fchrung zum diesj\u00e4hrigen Schul-u. Heimatfest im August. Es wurden diverse Techniken trainiert, Showeinlagen geprobt und weiteres mehr und das ging am Nachmittag damit weiter. Einige der \u201eGro\u00dfen\u201c hatten am Nachmittag noch alle H\u00e4nde voll zu tun, um die obligatorische Nachtwanderung wieder zu einem unvergesslichen Erlebnis werden zu lassen. Es mussten Kost\u00fcme vorbereitet werden, die einzelten Treffpunkte im Wald pr\u00e4pariert und so weiter und so fort. Gegen 22.00 Uhr ging es dann mit der Wanderung los. Einige, haupts\u00e4chlich \u201eheranwachsende Nachtwanderer\u201c bis 12\/13 Jahre waren zu Beginn noch recht lautstark aber das \u00e4nderte sich im Laufe der Wanderung. Auf ihrer \u201eSchatzsuche\u201c mussten sie diverse Punkte im Wald ansteuern und die dort wartenden Geister und Feen waren nicht alle wohlwollend eingestellt. Am schlimmsten hatte es jedoch ein \u201eNinja\u201c. Vor ihm hatten die Wenigsten Respekt. Frei nach dem Motto \u201eAuf ihn mit Gebr\u00fcll!\u201c ging es ganz sch\u00f6n zur Sache. Nat\u00fcrlich haben alle 2 Gruppen ihr Ziel erreicht und erhielten von einem \u201eguten Geist\u201c ihren Schatz in Form von Naschereien ausgeh\u00e4ndigt. V\u00f6llig kaputt fielen die Kinder nach der Wanderung in ihre Zelte und auch die Erwachsenen und ihre Helfer waren ziemlich fertig.<\/p>\n<p>Am Mittwochmorgen \u00fcberreichte Stephan Henz im Namen aller Teilnehmern der Lagers an Fatima T\u00e4ndler, Anja Thriemer und Uta M\u00fcller eine kleine Aufmerksamkeit und bedankte sich bei Ihnen daf\u00fcr, dass sie daf\u00fcr gesorgt hatten, dass das leibliche Wohl aller Campteilnehmer nicht zu kurz kam. Nach dem Fr\u00fchst\u00fcck begannen alle damit, das Camp wieder abzubauen. Dank der Hilfe von Vielen konnte man gegen Mittag sagen \u201eGeschafft\u201c.<\/p>\n<p>An dieser Stelle m\u00f6chten sich alle Teilnehmer des Lagers bei folgenden Personen\/ Institutionen bedanken, welche mitgeholfen haben, auch 2016 das Judo-Lager wieder zu einem Erlebnis werden zu lassen:<\/p>\n<p>Freiwillige Feuerwehr Gornau,<\/p>\n<p>Cafe Carola, welche uns mit schmackhaftem Mittagessen belieferte<\/p>\n<p>Kreisjugendring Erzgebirge e.V., welcher uns mit techn. Ger\u00e4t und Spielen aushalf<\/p>\n<p>Erzgebirgische Landb\u00e4ckerei GmbH Drebach, welche uns an allen Tagen mit frischen Br\u00f6tchen belieferte<\/p>\n<p>Landratsamt\/ Jugendamt, f\u00fcr finanzielle F\u00f6rderung<\/p>\n<p>Fa. Richter-Baumpflege f\u00fcr die Bereitstellung der Hebeb\u00fchne<\/p>\n<p>Dental-Labor Schiebold und Zahnarztpraxis Kertzscher, f\u00fcr finanzielle Zuwendung<\/p>\n<p>Faber-Bau, f\u00fcr die Bereitstellung eines Kleinbusses zur Fahrt nach Rabenstein<\/p>\n<p>Gemeinde und Bauhof Gornau, f\u00fcr die gro\u00dfe Unterst\u00fctzung bei der Durchf\u00fchrung und Aufbau des Lagers<\/p>\n<p>&nbsp;<\/p>\n<p>Diverse Fotos <strong>hat<\/strong> Uwe und wird sie zeitnah einpflegen!<\/p>\n<p style=\"text-align: center\">\u00a0<em>G<\/em><strong><em>edicht Carlotta\u00a0 &#8211; Judolager 2016<\/em> <\/strong><\/p>\n<p><strong>\u00a0<em>Judo, Affen und wilde H\u00fchner<\/em><\/strong><\/p>\n<p><strong><em>\u00a0<\/em><\/strong><\/p>\n<p><strong><em>Am Morgen, schon in aller Fr\u00fche,<\/em><\/strong><\/p>\n<p><strong><em>gaben sich die Judokas gro\u00dfe M\u00fche,<\/em><\/strong><\/p>\n<p><strong><em>schleppten Gep\u00e4ck in ihre Zelte hinein,<\/em><\/strong><\/p>\n<p><strong><em>ins Judolager vom Gornauer Judoverein.<\/em><\/strong><\/p>\n<p><strong><em>\u00a0<\/em><\/strong><\/p>\n<p><strong><em>Nach einer kurzen Belehrung dann,<\/em><\/strong><\/p>\n<p><strong><em>ging es an die G\u00fcrtelpr\u00fcfungen ran,<\/em><\/strong><\/p>\n<p><strong><em>fast alle konnten sie bestehen,<\/em><\/strong><\/p>\n<p><strong><em>nur einer musste ohne neuen G\u00fcrtel gehen.<\/em><\/strong><\/p>\n<p><strong><em>\u00a0<\/em><\/strong><\/p>\n<p><strong><em>Wilde H\u00fchner und Pygm\u00e4en,<\/em><\/strong><\/p>\n<p><strong><em>sollten dieses Jahr als Motto gehen.<\/em><\/strong><\/p>\n<p><strong><em>Die Kinder sollten Streiche spielen,<\/em><\/strong><\/p>\n<p><strong><em>Aufnahmepr\u00fcfungen machen,<\/em><\/strong><\/p>\n<p><strong><em>dass gelang vielen.<\/em><\/strong><\/p>\n<p><strong><em>\u00a0<\/em><\/strong><\/p>\n<p><strong><em>Am 2. Tag ging es dann,<\/em><\/strong><\/p>\n<p><strong><em>in den Zoo, wo man Tiere bestaunen kann.<\/em><\/strong><\/p>\n<p><strong><em>Bei Affe und Co. waren alle froh und heiter,<\/em><\/strong><\/p>\n<p><strong><em>und es ging in Gornau mit Kaffeetrinken weiter.<\/em><\/strong><\/p>\n<p><strong><em>\u00a0<\/em><\/strong><\/p>\n<p><strong><em>Am n\u00e4chsten Tag war dann,<\/em><\/strong><\/p>\n<p><strong><em>die Judo-Safari dran,<\/em><\/strong><\/p>\n<p><strong><em>und alle strengten sich m\u00e4chtig dabei an.<\/em><\/strong><\/p>\n<p><strong><em>\u00a0<\/em><\/strong><\/p>\n<p><strong><em>Der n\u00e4chste Tag erwartet sie noch,<\/em><\/strong><\/p>\n<p><strong><em>den werden sie noch erleben,<\/em><\/strong><\/p>\n<p><strong><em>und hoffentlich wird es da,<\/em><\/strong><\/p>\n<p><strong><em>auch gutes Wetter geben.<\/em><\/strong><\/p>\n<p><strong><em>\u00a0<\/em><\/strong><\/p>\n<p>&nbsp;<\/p>\nngg_shortcode_0_placeholder\n<p>&nbsp;<\/p>\n<p>&nbsp;<\/p>\n<p>&nbsp;<\/p>\n<p>&nbsp;<\/p>\n","protected":false},"excerpt":{"rendered":"<p>Im Zeitraum 24. \u2013 29.06.2016 f\u00fchrten wir unser\u00a0 j\u00e4hrliches JUDO-Zelt-u. Trainingslager durch. Wo? Nat\u00fcrlich wie schon in den letzten Jahren im Freibad von Gornau, wo auch gleich nebenan unsere Trainingshalle steht. Am Freitag begann man beizeiten mit den ersten Aufbauarbeiten des Lagers. So wurden mehrere gro\u00dfe Zelte f\u00fcr die Verpflegung und als Essenszelte aufgebaut und eingerichtet. Diese Zelte wurden uns [&hellip;]<\/p>\n","protected":false},"author":3,"featured_media":5944,"comment_status":"closed","ping_status":"closed","sticky":false,"template":"","format":"standard","meta":{"ngg_post_thumbnail":0,"footnotes":""},"categories":[5],"tags":[200,204],"class_list":["post-4279","post","type-post","status-publish","format-standard","has-post-thumbnail","hentry","category-sonstiges","tag-200","tag-judolager"],"_links":{"self":[{"href":"https:\/\/www.judoclub-gornau.de\/index.php?rest_route=\/wp\/v2\/posts\/4279"}],"collection":[{"href":"https:\/\/www.judoclub-gornau.de\/index.php?rest_route=\/wp\/v2\/posts"}],"about":[{"href":"https:\/\/www.judoclub-gornau.de\/index.php?rest_route=\/wp\/v2\/types\/post"}],"author":[{"embeddable":true,"href":"https:\/\/www.judoclub-gornau.de\/index.php?rest_route=\/wp\/v2\/users\/3"}],"replies":[{"embeddable":true,"href":"https:\/\/www.judoclub-gornau.de\/index.php?rest_route=%2Fwp%2Fv2%2Fcomments&post=4279"}],"version-history":[{"count":13,"href":"https:\/\/www.judoclub-gornau.de\/index.php?rest_route=\/wp\/v2\/posts\/4279\/revisions"}],"predecessor-version":[{"id":5357,"href":"https:\/\/www.judoclub-gornau.de\/index.php?rest_route=\/wp\/v2\/posts\/4279\/revisions\/5357"}],"wp:featuredmedia":[{"embeddable":true,"href":"https:\/\/www.judoclub-gornau.de\/index.php?rest_route=\/wp\/v2\/media\/5944"}],"wp:attachment":[{"href":"https:\/\/www.judoclub-gornau.de\/index.php?rest_route=%2Fwp%2Fv2%2Fmedia&parent=4279"}],"wp:term":[{"taxonomy":"category","embeddable":true,"href":"https:\/\/www.judoclub-gornau.de\/index.php?rest_route=%2Fwp%2Fv2%2Fcategories&post=4279"},{"taxonomy":"post_tag","embeddable":true,"href":"https:\/\/www.judoclub-gornau.de\/index.php?rest_route=%2Fwp%2Fv2%2Ftags&post=4279"}],"curies":[{"name":"wp","href":"https:\/\/api.w.org\/{rel}","templated":true}]}}