{"id":5514,"date":"2017-03-06T08:19:40","date_gmt":"2017-03-06T06:19:40","guid":{"rendered":"http:\/\/www.judoclub-gornau.de\/?p=5514"},"modified":"2017-04-09T22:11:53","modified_gmt":"2017-04-09T20:11:53","slug":"straffes-wettkampfwochenende-ging-zu-ende","status":"publish","type":"post","link":"https:\/\/www.judoclub-gornau.de\/?p=5514","title":{"rendered":"Straffes Wettkampfwochenende ging zu Ende"},"content":{"rendered":"<p>Unser Starter bei den diesj\u00e4hrigen Deutschen Einzelmeisterschaften der Altersklasse U18, Georg M\u00fcller (+90kg), musste bei seiner ersten Teilnahme an einem solchen Event am\u00a005.M\u00e4rz in Herne Lehrgeld zahlen. Gleich in seiner ersten Begegnung traf er auf den sp\u00e4teren Deutschen Vizemeister Jim Bartel vom JV K\u00f6nigs Wusterhausen, welcher Georg mit Uchi-Mata bezwang. Im weiteren Geschehen verlor\u00a0Georg jedoch auch seinen n\u00e4chsten Kampf, sodass die Meisterschaft f\u00fcr ihn gelaufen war.<\/p>\n<p>Am Sonntag standen\u00a0unsere \u201eAnf\u00e4nger\u201c bei der 21.Auflage des Fr\u00fchjahr-Kr\u00fcmelrandori in Breitenbrunn auf der Tatami. Gek\u00e4mpft wurde bis zur Altersklasse U11 und es waren nur Judoka mit maximal gelben G\u00fcrtel (7.Kyu) zugelassen.<\/p>\n<p>Von uns standen insgesamt ein M\u00e4dchen und 5 Jungen auf der Matte.<\/p>\n<p>Chelsey Sch\u00f6nfeld (-21kg), unser einziges M\u00e4dchen, startete erstmals ausw\u00e4rts zu einem Turnier und hat ihre Sache bravour\u00f6s gemeistert. Von ihren insgesamt 4 K\u00e4mpfen musste sie nur einen Sieg abgeben und sicherte sich damit als ersten Wettkampferfolg gleich Silber. Elias Wunderlich (-22,5kg) war ebenfalls zum ersten Mal\u00a0bei einem Turnier unterwegs. Er konnte ebenso wie Chelsey, 3 Siege und eine Niederlage f\u00fcr sich verbuchen, kam aber durch das bessere Unterpunkteverh\u00e4ltnis auf Rang 1 und trat die Heimreise mit Gold an. Niklas Stein (-24kg) stand auch das erste Mal Ausw\u00e4rts auf der Matte. Daf\u00fcr hat er sich recht gut geschlagen und die Bronzemedaille war sein Lohn. Louis Herrmann ( -31,7kg) war schon das zweite Mal in Breitenbrunn und schaffte es diesmal wieder auf\u00b4s Treppchen Durch 2 Siege und 2 Niederlagen trat er die Heimreise ebenfalls mit Bronze an. Clemens Fiedler (-31,8kg) hatte am Sonntag etwas Pech. Nachdem er im ersten Kampf benachteiligt wurde, war in den n\u00e4chsten Begegnungen der \u201eDampf raus\u201c. Es reichte nicht f\u00fcr einen Podestplatz. Ebenso f\u00fcr Jonas Uhlig (-26,9kg). Im Gegensatz zu seinen letzten Turnieren war er wie ausgewechselt. Wurftechnisch war nicht sehr viel los und am Boden hatte man den Eindruck, dass er fast alles vergessen hat. Er kennt jetzt jedoch seine Schwachstellen und hat noch ein paar Wochen Zeit, diese im Training abzustellen bis es beim n\u00e4chsten Wettkampf wieder hei\u00dft \u201eHajime\u201c.<\/p>\n<p>Auch in Freital ging es am Sonntag hoch her. Die Freitaler Judoka richteten zum wiederholten Mal das Neujahrsturnier aus und Massen, ca 300 Judoka aller Altersklassen, auch aus Tschechien, kamen. Gek\u00e4mpft wurden in den Altersklassen U11, U13 und U18. Wir waren in der U11 mit 3 Jungen und 1 M\u00e4dchen vertreten. Dean Richter und Nick Reichel konnten ihren Trainer Reimar Sesser voll \u00fcberzeugen. Sie lie\u00dfen nichts anbrennen, bestritten alle K\u00e4mpfe siegreich und traten die Heimreise mit Gold an. Ebenso unser M\u00e4dchen, Lara Neubert. Sie lieferte ebenfalls eine sehr gute Leistung ab. Der dritte Junge, Fritz Bauer, \u201evergeigte\u201c leider seine erste Begegnung und konnte damit in der Hoffnungsrunde nur noch um Bronze k\u00e4mpfen. Dies gelang ihm auch sehr gut.<\/p>\n<p>In der U13 waren wir mit\u00a0unserem \u201eC-Team\u201c bei den M\u00e4dchen und 1 Jungen angereist. Alle Drei M\u00e4dchen fuhren mit Edelmetall nach Hause. <strong>C<\/strong>arlotta Oertel (-40kg) und <strong>C<\/strong>elina Reichel (-44kg) bestritten jeweils 4 K\u00e4mpfe siegreich und holten verdienterma\u00dfen Gold. <strong>C<\/strong>harlize Richter, ebenfalls -44kg, verlor nur den Kampf gegen ihre Vereinskameradin Celina und komplettierte\u00a0unseren Medaillenspiegel mit Silber. Sascha Wunderlich, der einzige Junge aus\u00a0unseren Reihen\u00a0in dieser AK, f\u00fcgte dem Medaillenspiegel ebenfalls noch Silber hinzu.<\/p>\n<p>In der AK U18 standen Linus Thriemer (55kg) und Fabian Rauer (-66kg) auf der Matte. Linus Thriemer erk\u00e4mpfte sich mit 3 Siegen und einer Niederlage die Bronzemedaille in seiner Gewichtsklasse. Fabian Rauer zog mit 3 Siegen ins Finale, musste sich hier jedoch gegen Lindenberg (Klotzsche) geschlagen geben und holte \u201enur\u201c Silber. Fazit des Trainers Reimar Sesser: \u201eEine Spitzenleistung von allen unseren M\u00e4dchen und Jungen. Alle haben ihr Bestes gegeben. Ein Lob auch an die Ausrichter, welche es verstanden haben, trotz des enormen Ansturms alles z\u00fcgig \u00fcber die B\u00fchne zu bringen.\u201c<\/p>\n","protected":false},"excerpt":{"rendered":"<p>Unser Starter bei den diesj\u00e4hrigen Deutschen Einzelmeisterschaften der Altersklasse U18, Georg M\u00fcller (+90kg), musste bei seiner ersten Teilnahme an einem solchen Event am\u00a005.M\u00e4rz in Herne Lehrgeld zahlen. Gleich in seiner ersten Begegnung traf er auf den sp\u00e4teren Deutschen Vizemeister Jim Bartel vom JV K\u00f6nigs Wusterhausen, welcher Georg mit Uchi-Mata bezwang. Im weiteren Geschehen verlor\u00a0Georg jedoch auch seinen n\u00e4chsten Kampf, sodass [&hellip;]<\/p>\n","protected":false},"author":3,"featured_media":5888,"comment_status":"open","ping_status":"closed","sticky":false,"template":"","format":"standard","meta":{"ngg_post_thumbnail":0,"footnotes":""},"categories":[3],"tags":[212,118,175,171,185,16,82,83,128,22],"class_list":["post-5514","post","type-post","status-publish","format-standard","has-post-thumbnail","hentry","category-ergebnisse","tag-212","tag-dem","tag-freital","tag-fruhjahrskrumelrandori","tag-herne","tag-u11","tag-u13","tag-u15","tag-u18","tag-u9"],"_links":{"self":[{"href":"https:\/\/www.judoclub-gornau.de\/index.php?rest_route=\/wp\/v2\/posts\/5514"}],"collection":[{"href":"https:\/\/www.judoclub-gornau.de\/index.php?rest_route=\/wp\/v2\/posts"}],"about":[{"href":"https:\/\/www.judoclub-gornau.de\/index.php?rest_route=\/wp\/v2\/types\/post"}],"author":[{"embeddable":true,"href":"https:\/\/www.judoclub-gornau.de\/index.php?rest_route=\/wp\/v2\/users\/3"}],"replies":[{"embeddable":true,"href":"https:\/\/www.judoclub-gornau.de\/index.php?rest_route=%2Fwp%2Fv2%2Fcomments&post=5514"}],"version-history":[{"count":1,"href":"https:\/\/www.judoclub-gornau.de\/index.php?rest_route=\/wp\/v2\/posts\/5514\/revisions"}],"predecessor-version":[{"id":5515,"href":"https:\/\/www.judoclub-gornau.de\/index.php?rest_route=\/wp\/v2\/posts\/5514\/revisions\/5515"}],"wp:featuredmedia":[{"embeddable":true,"href":"https:\/\/www.judoclub-gornau.de\/index.php?rest_route=\/wp\/v2\/media\/5888"}],"wp:attachment":[{"href":"https:\/\/www.judoclub-gornau.de\/index.php?rest_route=%2Fwp%2Fv2%2Fmedia&parent=5514"}],"wp:term":[{"taxonomy":"category","embeddable":true,"href":"https:\/\/www.judoclub-gornau.de\/index.php?rest_route=%2Fwp%2Fv2%2Fcategories&post=5514"},{"taxonomy":"post_tag","embeddable":true,"href":"https:\/\/www.judoclub-gornau.de\/index.php?rest_route=%2Fwp%2Fv2%2Ftags&post=5514"}],"curies":[{"name":"wp","href":"https:\/\/api.w.org\/{rel}","templated":true}]}}