{"id":7397,"date":"2017-12-18T18:40:20","date_gmt":"2017-12-18T16:40:20","guid":{"rendered":"http:\/\/www.judoclub-gornau.de\/?p=7397"},"modified":"2023-02-11T22:34:45","modified_gmt":"2023-02-11T20:34:45","slug":"ein-herz-des-judo-sport-hat-aufgehoert-zu-schlagen","status":"publish","type":"post","link":"https:\/\/www.judoclub-gornau.de\/?p=7397","title":{"rendered":"Ein Herz des Judo-Sport hat aufgeh\u00f6rt zu schlagen"},"content":{"rendered":"<p>Mit Best\u00fcrzung und Trauer haben wir zur Kenntnis nehmen m\u00fcssen, dass es\u00a0 f\u00fcr unser Ehrenmitglied Egon Keller am 16.Dezember \u201eSore-Made\u201c gehei\u00dfen hat..<\/p>\n<p>Wir, der JUDO-CLUB Gornau e.V., verlieren in ihm nicht nur einen begnadeten Judoka und Trainer, sondern auch einen guten Freund und Kameraden. Er hat fast 50 Jahre auf und neben der Tatami verbracht und konnte selbst diverse Wettkampferfolge f\u00fcr sich verbuchen und hatte einen gro\u00dfen Anteil an den Erfolgen seiner Sch\u00fctzlinge, die er im Laufe der Jahre ausgebildet hat.<\/p>\n<p>Hier einige Stationen seines Wirkens f\u00fcr den Judosport in unserer Region:<\/p>\n<p>1968 kam er an der damaligen Technischen Hochschule Karl-Marx-Stadt erstmal mit Judo in Ber\u00fchrung. Er h\u00e4tte es sich damals im Leben nicht tr\u00e4umen lassen, dass diese Sportart und ihr Nimbus sein weiteres Leben pr\u00e4gen sollten. 1972 wurde er Mitglied in der damaligen Sektion Judo von Dynamo Zschopau. Binnen kurzer Zeit avancierte Egon Keller zum Sektionsvorsitzenden und \u00fcbte diese Funktion 26 Jahre \u00e4u\u00dferst gewissenhaft aus.<\/p>\n<p>\u201eNebenbei\u201c war er lange Zeit als Kampfrichter unterwegs und bis zum Schluss als Trainer im Jugend-u. Erwachsenenbereich t\u00e4tig. Ruhig, sachlich und geduldig erkl\u00e4rte er seinen jungen und \u00e4lteren Sch\u00fclern die Techniken und f\u00fchrte sie auch akkurat selbst aus. Das verlangte allen seinen Mitstreiter geh\u00f6rigen Respekt ab, schlie\u00dflich h\u00e4tte er auch sagen k\u00f6nnen \u201eIch bin Sensei (Meister) und besch\u00e4ftige mich fast 50 Jahre mit Judo \u2013 das reicht!\u201c Apropos \u201eSensei\u201c. Egon Keller hatte als einer der Ersten im damaligen Kreis Zschopau 1980 gemeinsam mit Stephan Henz die Pr\u00fcfung zum I.Dan abgelegt.<\/p>\n<p>In seiner T\u00e4tigkeit als Sektionsvorsitzender hatte Egon Keller einen gro\u00dfen Anteil daran, dass die damals mittlerweile arg dezimierte, aber eingeschworene Truppe von Judoka die Wende heil \u00fcberstand. Mit 15 \u201ejudoverr\u00fcckten\u201c Sportlern hob er am 25.Juni 1990 den heutigen JUDO-CLUB Gornau e.V. aus der Taufe. Diesem stand er bis 1996 als Vereinsvorsitzender vor, ehe er berufsbedingt den Staffelstab an den heutigen Vereinsvorsitzenden Enrico T\u00e4ndler weitergab.<\/p>\n<p>F\u00fcr seine herausragende Verdienste um den Sport und im speziellen dem Judosport hat Egon Keller diverse Auszeichnungen erhalten. So wurde er 1997 mit der Ehrennadel des Landessportbund in Silber und 1999, anl\u00e4sslich seines 50.Geburtstages, mit der Ehrennadel in Gold ausgezeichnet. 2013 bekam er vom Landessportbund dann die Ehrenplakette, die h\u00f6chste Auszeichnung des LSB, verliehen. Vom Judoverband Sachsen wurde ihm im Jahre 2000 der II.DAN\u00a0 und 2008, anl\u00e4sslich 40Jahre JUDO-CLUB Gornau e.V., der III.DAN verliehen. 2010 bekam Egon Keller f\u00fcr seine herausragenden Verdienste um den Judosport die Ehrennadel des JUDO-Verbandes Sachsen in Gold verliehen. Im Jahr 2013 wurde ihm von seinem Verein die Ehrenmitgliedschaft angetragen.<\/p>\n<p>Alle Mitglieder des JUDO-CLUB Gornau e.V. und auch viele Trainerkollegen aus ganz Sachsen trauern um einen guten Freund und Trainer, welcher nicht nur JUDO betrieben , sondern auch gelebt hat.<\/p>\n<p>Wir werden ihm in Ehren gedenken.<\/p>\n<p>Im Auftrag aller Mitglieder<\/p>\n<p>Enrico T\u00e4ndler<\/p>\n<p>Vorsitzender<\/p>\n<div id='gallery-1' class='gallery galleryid-7397 gallery-columns-3 gallery-size-thumbnail'><figure class='gallery-item'>\n\t\t\t<div class='gallery-icon landscape'>\n\t\t\t\t<a href='https:\/\/www.judoclub-gornau.de\/wp-content\/uploads\/2017\/12\/Ballonfahrertaufe-2011.jpg' rel=\"lightbox[7397]\"><img loading=\"lazy\" decoding=\"async\" width=\"150\" height=\"150\" src=\"https:\/\/www.judoclub-gornau.de\/wp-content\/uploads\/2017\/12\/Ballonfahrertaufe-2011-150x150.jpg\" class=\"attachment-thumbnail size-thumbnail\" alt=\"\" \/><\/a>\n\t\t\t<\/div><\/figure><figure class='gallery-item'>\n\t\t\t<div class='gallery-icon portrait'>\n\t\t\t\t<a href='https:\/\/www.judoclub-gornau.de\/wp-content\/uploads\/2017\/12\/Ballonfahrertaufe-2011_2.jpg' rel=\"lightbox[7397]\"><img loading=\"lazy\" decoding=\"async\" width=\"150\" height=\"150\" src=\"https:\/\/www.judoclub-gornau.de\/wp-content\/uploads\/2017\/12\/Ballonfahrertaufe-2011_2-150x150.jpg\" class=\"attachment-thumbnail size-thumbnail\" alt=\"\" \/><\/a>\n\t\t\t<\/div><\/figure><figure class='gallery-item'>\n\t\t\t<div class='gallery-icon portrait'>\n\t\t\t\t<a href='https:\/\/www.judoclub-gornau.de\/wp-content\/uploads\/2017\/12\/Ballonfahrt-2011.jpg' rel=\"lightbox[7397]\"><img loading=\"lazy\" decoding=\"async\" width=\"150\" height=\"150\" src=\"https:\/\/www.judoclub-gornau.de\/wp-content\/uploads\/2017\/12\/Ballonfahrt-2011-150x150.jpg\" class=\"attachment-thumbnail size-thumbnail\" alt=\"\" \/><\/a>\n\t\t\t<\/div><\/figure><figure class='gallery-item'>\n\t\t\t<div class='gallery-icon portrait'>\n\t\t\t\t<a href='https:\/\/www.judoclub-gornau.de\/wp-content\/uploads\/2017\/12\/DSC04595.jpg' rel=\"lightbox[7397]\"><img loading=\"lazy\" decoding=\"async\" width=\"150\" height=\"150\" src=\"https:\/\/www.judoclub-gornau.de\/wp-content\/uploads\/2017\/12\/DSC04595-150x150.jpg\" class=\"attachment-thumbnail size-thumbnail\" alt=\"\" \/><\/a>\n\t\t\t<\/div><\/figure><figure class='gallery-item'>\n\t\t\t<div class='gallery-icon landscape'>\n\t\t\t\t<a href='https:\/\/www.judoclub-gornau.de\/wp-content\/uploads\/2017\/12\/DSC9758_Egon_Stefan-2013.jpg' rel=\"lightbox[7397]\"><img loading=\"lazy\" decoding=\"async\" width=\"150\" height=\"150\" src=\"https:\/\/www.judoclub-gornau.de\/wp-content\/uploads\/2017\/12\/DSC9758_Egon_Stefan-2013-150x150.jpg\" class=\"attachment-thumbnail size-thumbnail\" alt=\"\" \/><\/a>\n\t\t\t<\/div><\/figure><figure class='gallery-item'>\n\t\t\t<div class='gallery-icon landscape'>\n\t\t\t\t<a href='https:\/\/www.judoclub-gornau.de\/wp-content\/uploads\/2017\/12\/Egon-mit-seiner-Sonja-bei-Uwe-Hochzeit-2011.jpg' rel=\"lightbox[7397]\"><img loading=\"lazy\" decoding=\"async\" width=\"150\" height=\"150\" src=\"https:\/\/www.judoclub-gornau.de\/wp-content\/uploads\/2017\/12\/Egon-mit-seiner-Sonja-bei-Uwe-Hochzeit-2011-150x150.jpg\" class=\"attachment-thumbnail size-thumbnail\" alt=\"\" \/><\/a>\n\t\t\t<\/div><\/figure><figure class='gallery-item'>\n\t\t\t<div class='gallery-icon landscape'>\n\t\t\t\t<a href='https:\/\/www.judoclub-gornau.de\/wp-content\/uploads\/2017\/12\/Egon-mit-Stephan-zur-Liezentverl\u00e4ngerung-2011.jpg' rel=\"lightbox[7397]\"><img loading=\"lazy\" decoding=\"async\" width=\"150\" height=\"150\" src=\"https:\/\/www.judoclub-gornau.de\/wp-content\/uploads\/2017\/12\/Egon-mit-Stephan-zur-Liezentverl\u00e4ngerung-2011-150x150.jpg\" class=\"attachment-thumbnail size-thumbnail\" alt=\"\" \/><\/a>\n\t\t\t<\/div><\/figure><figure class='gallery-item'>\n\t\t\t<div class='gallery-icon portrait'>\n\t\t\t\t<a href='https:\/\/www.judoclub-gornau.de\/wp-content\/uploads\/2017\/12\/Egon.jpg' rel=\"lightbox[7397]\"><img loading=\"lazy\" decoding=\"async\" width=\"150\" height=\"150\" src=\"https:\/\/www.judoclub-gornau.de\/wp-content\/uploads\/2017\/12\/Egon-150x150.jpg\" class=\"attachment-thumbnail size-thumbnail\" alt=\"\" \/><\/a>\n\t\t\t<\/div><\/figure>\n\t\t<\/div>\n\n","protected":false},"excerpt":{"rendered":"<p>Mit Best\u00fcrzung und Trauer haben wir zur Kenntnis nehmen m\u00fcssen, dass es\u00a0 f\u00fcr unser Ehrenmitglied Egon Keller am 16.Dezember \u201eSore-Made\u201c gehei\u00dfen hat.. Wir, der JUDO-CLUB Gornau e.V., verlieren in ihm nicht nur einen begnadeten Judoka und Trainer, sondern auch einen guten Freund und Kameraden. Er hat fast 50 Jahre auf und neben der Tatami verbracht und konnte selbst diverse Wettkampferfolge [&hellip;]<\/p>\n","protected":false},"author":3,"featured_media":7413,"comment_status":"open","ping_status":"closed","sticky":false,"template":"","format":"standard","meta":{"ngg_post_thumbnail":0,"footnotes":""},"categories":[5],"tags":[],"class_list":["post-7397","post","type-post","status-publish","format-standard","has-post-thumbnail","hentry","category-sonstiges"],"_links":{"self":[{"href":"https:\/\/www.judoclub-gornau.de\/index.php?rest_route=\/wp\/v2\/posts\/7397"}],"collection":[{"href":"https:\/\/www.judoclub-gornau.de\/index.php?rest_route=\/wp\/v2\/posts"}],"about":[{"href":"https:\/\/www.judoclub-gornau.de\/index.php?rest_route=\/wp\/v2\/types\/post"}],"author":[{"embeddable":true,"href":"https:\/\/www.judoclub-gornau.de\/index.php?rest_route=\/wp\/v2\/users\/3"}],"replies":[{"embeddable":true,"href":"https:\/\/www.judoclub-gornau.de\/index.php?rest_route=%2Fwp%2Fv2%2Fcomments&post=7397"}],"version-history":[{"count":11,"href":"https:\/\/www.judoclub-gornau.de\/index.php?rest_route=\/wp\/v2\/posts\/7397\/revisions"}],"predecessor-version":[{"id":7430,"href":"https:\/\/www.judoclub-gornau.de\/index.php?rest_route=\/wp\/v2\/posts\/7397\/revisions\/7430"}],"wp:featuredmedia":[{"embeddable":true,"href":"https:\/\/www.judoclub-gornau.de\/index.php?rest_route=\/wp\/v2\/media\/7413"}],"wp:attachment":[{"href":"https:\/\/www.judoclub-gornau.de\/index.php?rest_route=%2Fwp%2Fv2%2Fmedia&parent=7397"}],"wp:term":[{"taxonomy":"category","embeddable":true,"href":"https:\/\/www.judoclub-gornau.de\/index.php?rest_route=%2Fwp%2Fv2%2Fcategories&post=7397"},{"taxonomy":"post_tag","embeddable":true,"href":"https:\/\/www.judoclub-gornau.de\/index.php?rest_route=%2Fwp%2Fv2%2Ftags&post=7397"}],"curies":[{"name":"wp","href":"https:\/\/api.w.org\/{rel}","templated":true}]}}