{"id":8736,"date":"2018-10-20T18:20:59","date_gmt":"2018-10-20T16:20:59","guid":{"rendered":"https:\/\/www.judoclub-gornau.de\/?p=8736"},"modified":"2023-02-11T22:34:56","modified_gmt":"2023-02-11T20:34:56","slug":"unser-trainingslager-im-oktober","status":"publish","type":"post","link":"https:\/\/www.judoclub-gornau.de\/?p=8736","title":{"rendered":"Unser Trainingslager im Oktober"},"content":{"rendered":"<p>Zus\u00e4tzlich zu den regul\u00e4ren w\u00f6chentlichen Trainingsterminen Montag und Freitag trafen sich in der ersten Ferienwoche im Oktober 15 Judoverr\u00fcckte des Judo-Club Gornau e.V. zu einem zus\u00e4tzlichen Trainingslager vom Dienstag, den 09.10. bis Donnerstag, den 11.10.2018.<\/p>\n<p>Am\u00a0 Dienstag vor dem Training lie\u00dfen wir es uns nicht nehmen, uns noch einmal vor dem Grab unseres verstorbenen Freundes und Sensei Egon Keller zu treffen. Ohne seine Initiative g\u00e4be es vermutlich den Judo-Club Gornau nicht mehr. Wir wollten seiner nochmals Gedenken und ihn ehren.<\/p>\n<p>Gegen 09:00 Uhr ging es los mit Matte aufbauen und erst mal eine Trainingseinheit Kraft, verbunden mit Qi Gong \u2013 \u00dcbungen. Dann gestaltete unser erfahrener und erfolgreicher Wettk\u00e4mpfer und Trainer Theo eine sehr interessante Trainingseinheit. Aus einer Griffart heraus in jede Bewegungsrichtung mit verschiedenen W\u00fcrfen werfen war und ist sehr interessant. Am Nachmittag besch\u00e4ftigten wir uns mit Verkettungen von W\u00fcrfen. Nat\u00fcrlich wurde jede Trainingseinheit mit Spielen aufgelockert, so dass es Allen Freude bereitete. Gegen 15:00 Uhr ging der erste Tag zu Ende.<\/p>\n<p>&nbsp;<\/p>\n<p>Am Mittwoch, dem 2. Trainingstag, konnte Fabian sich als angehender Trainer ausprobieren. Nach einer sch\u00f6nen Erw\u00e4rmung besch\u00e4ftigten wir uns mit der Koshi-Waza- Kata. Eine Kata ist die Darstellung von Wurfprinzipien und wird bei Pr\u00fcfungen f\u00fcr fortgeschrittene Judoka abverlangt.<\/p>\n<p>Die Fortgeschrittenen unter uns konnten so ihr Wissen vertiefen und f\u00fcr die Judoka aus dem Anf\u00e4ngerbereich war es eine hervorragende Einf\u00fchrung in diese Thematik des Judo. In der zweiten Trainingseinheit brachte Reimar Erfahrungen des Judo-Weltmeisters Udo Quellmalz unseren K\u00e4mpfern nahe. Er demonstrierte mit Carlotta verschiedene Varianten und Eingangsm\u00f6glichkeiten zu dem Te-Waza (Handwurf) Tai- Otoshi, was sehr interessant und lehrreich war.<\/p>\n<p>Am Nachmittag ging es nun ins Freie. Bei sch\u00f6nstem Wetter ein kleiner Ausdauerlauf, unter-brochen mit praxisnaher Selbstverteidigung. Im Freien ohne Judomatte war dies f\u00fcr die Meisten eine neue Erfahrung.<\/p>\n<p>&nbsp;<\/p>\n<p>Am Donnerstag, dem 3. Trainingstag wiederholte Reimar seine Trainingseinheit vom Dienstag. Jeder erkannte, dass diese \u00dcbungen in st\u00e4ndiger Wiederholung sinnvoll sind. Der Eine oder Andere sp\u00fcrte das auch in den Muskeln u. Gelenken. In der zweiten Trainingseinheit war dann\u00a0 Linus, auch ein in Ausbildung stehender Trainer, an der Reihe. Linus hatte sich zur Aufgabe gestellt, aus der Wurfgruppe Ashi-Waza (Fu\u00df- und Beinw\u00fcrfe) die verschiedenen Wurfprinzipien zu erkl\u00e4ren. Die Ausf\u00fchrungen waren sehr verst\u00e4ndlich und wir \u00fcbten die verschiedenen Techniken flei\u00dfig. Zum Abschluss am Nachmittag ging es wieder ins Freie und es gab noch einmal praxisnahe Selbstverteidigung, mit verschiedensten Spielen aufgelockert.<\/p>\n<p>&nbsp;<\/p>\n<p>Insgesamt hat das Trainingslager allen Beteiligten viel Freude gemacht und Keinem wurde das \u201est\u00e4ndige Judo\u201c zu viel, denn am Freitag standen alle wieder zum regul\u00e4ren Training auf der Matte.<\/p>\n<p>&nbsp;<\/p>\n<p>Danke an Emi, welche die Grundidee hatte und Danke an die Organisatoren, vorweg Reimar, der den Hauptanteil der Organisation \u00fcbernommen hat.<\/p>\n<p>&nbsp;<\/p>\n<p>Stephan Henz<\/p>\nngg_shortcode_0_placeholder\n","protected":false},"excerpt":{"rendered":"<p>Zus\u00e4tzlich zu den regul\u00e4ren w\u00f6chentlichen Trainingsterminen Montag und Freitag trafen sich in der ersten Ferienwoche im Oktober 15 Judoverr\u00fcckte des Judo-Club Gornau e.V. zu einem zus\u00e4tzlichen Trainingslager vom Dienstag, den 09.10. bis Donnerstag, den 11.10.2018. Am\u00a0 Dienstag vor dem Training lie\u00dfen wir es uns nicht nehmen, uns noch einmal vor dem Grab unseres verstorbenen Freundes und Sensei Egon Keller zu [&hellip;]<\/p>\n","protected":false},"author":3,"featured_media":8741,"comment_status":"open","ping_status":"closed","sticky":false,"template":"","format":"standard","meta":{"ngg_post_thumbnail":0,"footnotes":""},"categories":[5],"tags":[236,153],"class_list":["post-8736","post","type-post","status-publish","format-standard","has-post-thumbnail","hentry","category-sonstiges","tag-236","tag-trainingslager"],"_links":{"self":[{"href":"https:\/\/www.judoclub-gornau.de\/index.php?rest_route=\/wp\/v2\/posts\/8736"}],"collection":[{"href":"https:\/\/www.judoclub-gornau.de\/index.php?rest_route=\/wp\/v2\/posts"}],"about":[{"href":"https:\/\/www.judoclub-gornau.de\/index.php?rest_route=\/wp\/v2\/types\/post"}],"author":[{"embeddable":true,"href":"https:\/\/www.judoclub-gornau.de\/index.php?rest_route=\/wp\/v2\/users\/3"}],"replies":[{"embeddable":true,"href":"https:\/\/www.judoclub-gornau.de\/index.php?rest_route=%2Fwp%2Fv2%2Fcomments&post=8736"}],"version-history":[{"count":6,"href":"https:\/\/www.judoclub-gornau.de\/index.php?rest_route=\/wp\/v2\/posts\/8736\/revisions"}],"predecessor-version":[{"id":8876,"href":"https:\/\/www.judoclub-gornau.de\/index.php?rest_route=\/wp\/v2\/posts\/8736\/revisions\/8876"}],"wp:featuredmedia":[{"embeddable":true,"href":"https:\/\/www.judoclub-gornau.de\/index.php?rest_route=\/wp\/v2\/media\/8741"}],"wp:attachment":[{"href":"https:\/\/www.judoclub-gornau.de\/index.php?rest_route=%2Fwp%2Fv2%2Fmedia&parent=8736"}],"wp:term":[{"taxonomy":"category","embeddable":true,"href":"https:\/\/www.judoclub-gornau.de\/index.php?rest_route=%2Fwp%2Fv2%2Fcategories&post=8736"},{"taxonomy":"post_tag","embeddable":true,"href":"https:\/\/www.judoclub-gornau.de\/index.php?rest_route=%2Fwp%2Fv2%2Ftags&post=8736"}],"curies":[{"name":"wp","href":"https:\/\/api.w.org\/{rel}","templated":true}]}}