{"id":9024,"date":"2019-03-10T15:59:41","date_gmt":"2019-03-10T13:59:41","guid":{"rendered":"https:\/\/www.judoclub-gornau.de\/?p=9024"},"modified":"2019-03-27T22:48:35","modified_gmt":"2019-03-27T20:48:35","slug":"unsere-judoka-absolvierten-straffes-wettkampfwochenende","status":"publish","type":"post","link":"https:\/\/www.judoclub-gornau.de\/?p=9024","title":{"rendered":"Unsere Judoka absolvierten straffes Wettkampfwochenende"},"content":{"rendered":"<p>Am 09.M\u00e4rz starteten die \u201eKampfzwerge\u201c des JUDO-CLUB Gornau e.V. beim 23.Kr\u00fcmelrandori in Breitenbrunn. Ausrichter diese speziell auf die Anf\u00e4nger des Judosports ausgerichteten Turniers war der Judoclub Antonsthal-Schwarzenberg. Diesmal konnte ein neuer Teilnehmerrekord aufgestellt werden. Es waren insgesamt 158 M\u00e4dchen und Jungen der Altersklassen bis U11 angereist!<\/p>\n<p>Die Gornauer Judoka waren mit insgesamt 5 Sportlern angereist. Bei den Kleinsten und Leichtesten konnten Adrian Klaus (-21,1kg) und Aljoscha Langer (-23,4kg) voll auftrumpfen. Beide lie\u00dfen nichts anbrennen und bestritten alle ihrer 4 K\u00e4mpfe siegreich. Nikita Langer (26,9kg) musste leider 2 Begegnungen abgeben und belegte dadurch am Ende den Bronzerang. Franz Friedemann hatte am Sonnabend nicht gerade seinen besten Tag erwischt er belegte leider nur Platz 5. Fabian Klaus (35,8kg) hatte in seinem ersten Kampf gegen Liebold (JSV Werdau) wahrscheinlich noch nicht richtig ausgeschlafen. Nach kurzer Zeit lief er in einen Wurf des Werdauers regelrecht hinein und wurde auf Ippon geworfen. Seine n\u00e4chsten drei K\u00e4mpfe konnte er jedoch siegreich gestalten und trat die heimreise mit einer Silbermedaille an.<\/p>\n<p>Zur gleichen Zeit standen in Riesa die M\u00e4dchen und Jungen der Alterklassen U13 und U15 beim 18.Riesaer Stahl-Pokal auf der Matte. Bei diesem hochklassischem Turnier warenca 300 Sportler aus Sachsen, Berlin und Tschechien angereist. Lara Neubert und Johanna Bilz (beide -44kg) standen zum ersten Mal in der U13 auf der Matte und hatten schwer damit zu k\u00e4mpfen. Lara verlor leider ihre erste Begegnung und musste dann in der Hoffnungsrunde straff auftrumpfen, um wenigstens noch Bronze zu erreichen. Dies gelang ihr jedoch sehr gut. Johanna Bilz kam \u00fcberhaupt nicht zurecht. Nach 2 verlorenen K\u00e4mpfen schied sie aus dem Wettkampfgeschehen aus. Hier schlug sich dann ihre geringe Trainingsteilnahme nieder.<\/p>\n<p>Die beiden Jungen in der U13, Dean Richter (-31kg) und Nick Reichel (-32kg) zeigten Beide gute Leistungen, wobei nur Nick Reichel die Heimreise mit einer Bronzemedaille antreten konnte. F\u00fcr Dean reichte es am Ende nur f\u00fcr Rang 5.<\/p>\n<p>In der U15 sah es recht gut aus. Charlize Richter (-48kg) konnte nach ihrer langen Verletzungspause wieder voll auftrumpfen. Sie lies allen Gegnerinnen nicht den Hauch einer Chance und sicherte sich verdient Gold. Das Gleiche galt auch f\u00fcr Carlotta Oertel (-52kg). Auch sie konnte mit sehenswerten Techniken ihre Kontrahentinnen auf die Matte bef\u00f6rdern und f\u00fcgte dem Gornauer Medaillenspiegel ebenfalls eine Goldmedaille hinzu. Celina Reichel (-57kg) musste ihre erste Begegnung leider verloren geben, konnte sich jedoch in der Hoffnungsrunde noch Bronze sichern. Lina Bernhardt (+63kg) bestritt in Riesa ihren ersten richtigen Wettkampf und konnte sich gut in Szene setzen. Am Ende trat sie die Heimreise mit Silber an. Sascha Wunderlich (+66kg) fand in Riesa \u00fcberhaupt nicht zu seinem Stil. Nach 2 verlorenen K\u00e4mpfen musste er die Segel streichen.<\/p>\n<p>Das Gleiche traf auch auf Theodor R\u00f6\u00dfler, unseren Teilnehmer der Deutschen Einzelmeisterschaft der U21 in Frankfurt\/ Oder zu. Nach einem verloren Kampf gegen Edmeier, Severin (Gro\u00dfhandern), 5. Platz bei den DEM 2019 der M\u00e4nner, welchert seinen n\u00e4chsten Kampfverlor, war Theodor leider raus. Ansonsten war es ein ganz guter Kampf von Theodor.<\/p>\nngg_shortcode_0_placeholder\n","protected":false},"excerpt":{"rendered":"<p>Am 09.M\u00e4rz starteten die \u201eKampfzwerge\u201c des JUDO-CLUB Gornau e.V. beim 23.Kr\u00fcmelrandori in Breitenbrunn. Ausrichter diese speziell auf die Anf\u00e4nger des Judosports ausgerichteten Turniers war der Judoclub Antonsthal-Schwarzenberg. Diesmal konnte ein neuer Teilnehmerrekord aufgestellt werden. Es waren insgesamt 158 M\u00e4dchen und Jungen der Altersklassen bis U11 angereist! Die Gornauer Judoka waren mit insgesamt 5 Sportlern angereist. Bei den Kleinsten und Leichtesten [&hellip;]<\/p>\n","protected":false},"author":3,"featured_media":9025,"comment_status":"open","ping_status":"closed","sticky":false,"template":"","format":"standard","meta":{"ngg_post_thumbnail":0,"footnotes":""},"categories":[3],"tags":[247,63,140,81,71,173,16,82,83,155],"class_list":["post-9024","post","type-post","status-publish","format-standard","has-post-thumbnail","hentry","category-ergebnisse","tag-247","tag-breitenbrunn","tag-dm","tag-krumelrandori","tag-riesa","tag-stahl-pokal","tag-u11","tag-u13","tag-u15","tag-u21"],"_links":{"self":[{"href":"https:\/\/www.judoclub-gornau.de\/index.php?rest_route=\/wp\/v2\/posts\/9024"}],"collection":[{"href":"https:\/\/www.judoclub-gornau.de\/index.php?rest_route=\/wp\/v2\/posts"}],"about":[{"href":"https:\/\/www.judoclub-gornau.de\/index.php?rest_route=\/wp\/v2\/types\/post"}],"author":[{"embeddable":true,"href":"https:\/\/www.judoclub-gornau.de\/index.php?rest_route=\/wp\/v2\/users\/3"}],"replies":[{"embeddable":true,"href":"https:\/\/www.judoclub-gornau.de\/index.php?rest_route=%2Fwp%2Fv2%2Fcomments&post=9024"}],"version-history":[{"count":5,"href":"https:\/\/www.judoclub-gornau.de\/index.php?rest_route=\/wp\/v2\/posts\/9024\/revisions"}],"predecessor-version":[{"id":9104,"href":"https:\/\/www.judoclub-gornau.de\/index.php?rest_route=\/wp\/v2\/posts\/9024\/revisions\/9104"}],"wp:featuredmedia":[{"embeddable":true,"href":"https:\/\/www.judoclub-gornau.de\/index.php?rest_route=\/wp\/v2\/media\/9025"}],"wp:attachment":[{"href":"https:\/\/www.judoclub-gornau.de\/index.php?rest_route=%2Fwp%2Fv2%2Fmedia&parent=9024"}],"wp:term":[{"taxonomy":"category","embeddable":true,"href":"https:\/\/www.judoclub-gornau.de\/index.php?rest_route=%2Fwp%2Fv2%2Fcategories&post=9024"},{"taxonomy":"post_tag","embeddable":true,"href":"https:\/\/www.judoclub-gornau.de\/index.php?rest_route=%2Fwp%2Fv2%2Ftags&post=9024"}],"curies":[{"name":"wp","href":"https:\/\/api.w.org\/{rel}","templated":true}]}}