{"id":9189,"date":"2019-05-01T21:51:55","date_gmt":"2019-05-01T19:51:55","guid":{"rendered":"https:\/\/www.judoclub-gornau.de\/?p=9189"},"modified":"2019-05-01T21:52:31","modified_gmt":"2019-05-01T19:52:31","slug":"projekttag","status":"publish","type":"post","link":"https:\/\/www.judoclub-gornau.de\/?p=9189","title":{"rendered":"Projekttag in der GS Gornau"},"content":{"rendered":"<p>Judo- der sanfte Weg um zu Siegen.<\/p>\n<p>Die fern\u00f6stliche Zweikampfsportart war am Dienstag, den 16.04.2019 in der Grundschule Gornau das zweite Mal\u00a0 Hauptthema. Bereits im Jahr 2016 wurde ein solcher Projekttag organisiert. In diesem erneuten Projekttag stellten \u00dcbungsleiter und erfahrene Sportler des Judo Club Gornau den\u00a0 Grundsch\u00fclern diese interessante Sportart vor. Hierbei konnten die Kinder spielerisch sich selbst bet\u00e4tigen und erste Erfahrungen im Judo sammeln. Die Kinder konnten feststellen, ja es stimmt tats\u00e4chlich, es gibt noch mehr neben Fu\u00dfball. Erstaunlich f\u00fcr die \u00dcbungsleiter und Organisatoren war, wie aufgeschlossen und interessiert die Kinder sich f\u00fcr diesen Sport begeisterten.\u00a0 Von spielerischen und turnerischen \u00dcbungen wurden die Kinder \u201eleise\u201c an das Judo heran gef\u00fchrt. Und siehe da, es tut gar nicht weh!<\/p>\n<p>Ich glaube es war f\u00fcr alle Teilnehmer eine interessante Erfahrung und vor allem, es hat allen Beteiligten Spa\u00df gemacht. Zum H\u00f6hepunkt hat der Sportlehrer der Schule noch darum gebeten, macht das doch auch noch in den 4. Klassen. Das war so nicht geplant. Da die 4. Klasse im Jahr 2016 schon an dem \u00a0Projekttag teil nahm. Und siehe da, auch die Kinder der beiden 4. Klassen freuten sich und nahmen aktiv wiederholt an der Unterrichtsstunde im Judo teil.<\/p>\n<p>\u00dcberraschend f\u00fcr die Organisatoren war, dass diesmal zum zweiten Projekttag, alle Sch\u00fcler der jeweiligen Klasse teil nahmen. Nur die Kinder mit Sportbefreiung sa\u00dfen auf der Bank, alle Anderen wollten und nahmen aktiv teil. Dies war bei der letzten Veranstaltung nicht so.<\/p>\n<p>Herzlichen Dank an die Schulleitung, die dies \u00fcberhaupt erm\u00f6glichte.<\/p>\n<p>&nbsp;<\/p>\n<p>Stephan Henz<\/p>\n<p>\u00dcbungsleiter Judo Club Gornau e.V.<\/p>\nngg_shortcode_0_placeholder\n","protected":false},"excerpt":{"rendered":"<p>Judo- der sanfte Weg um zu Siegen. Die fern\u00f6stliche Zweikampfsportart war am Dienstag, den 16.04.2019 in der Grundschule Gornau das zweite Mal\u00a0 Hauptthema. Bereits im Jahr 2016 wurde ein solcher Projekttag organisiert. In diesem erneuten Projekttag stellten \u00dcbungsleiter und erfahrene Sportler des Judo Club Gornau den\u00a0 Grundsch\u00fclern diese interessante Sportart vor. Hierbei konnten die Kinder spielerisch sich selbst bet\u00e4tigen und [&hellip;]<\/p>\n","protected":false},"author":2,"featured_media":9190,"comment_status":"open","ping_status":"closed","sticky":false,"template":"","format":"standard","meta":{"ngg_post_thumbnail":0,"footnotes":""},"categories":[5],"tags":[],"class_list":["post-9189","post","type-post","status-publish","format-standard","has-post-thumbnail","hentry","category-sonstiges"],"_links":{"self":[{"href":"https:\/\/www.judoclub-gornau.de\/index.php?rest_route=\/wp\/v2\/posts\/9189"}],"collection":[{"href":"https:\/\/www.judoclub-gornau.de\/index.php?rest_route=\/wp\/v2\/posts"}],"about":[{"href":"https:\/\/www.judoclub-gornau.de\/index.php?rest_route=\/wp\/v2\/types\/post"}],"author":[{"embeddable":true,"href":"https:\/\/www.judoclub-gornau.de\/index.php?rest_route=\/wp\/v2\/users\/2"}],"replies":[{"embeddable":true,"href":"https:\/\/www.judoclub-gornau.de\/index.php?rest_route=%2Fwp%2Fv2%2Fcomments&post=9189"}],"version-history":[{"count":2,"href":"https:\/\/www.judoclub-gornau.de\/index.php?rest_route=\/wp\/v2\/posts\/9189\/revisions"}],"predecessor-version":[{"id":9198,"href":"https:\/\/www.judoclub-gornau.de\/index.php?rest_route=\/wp\/v2\/posts\/9189\/revisions\/9198"}],"wp:featuredmedia":[{"embeddable":true,"href":"https:\/\/www.judoclub-gornau.de\/index.php?rest_route=\/wp\/v2\/media\/9190"}],"wp:attachment":[{"href":"https:\/\/www.judoclub-gornau.de\/index.php?rest_route=%2Fwp%2Fv2%2Fmedia&parent=9189"}],"wp:term":[{"taxonomy":"category","embeddable":true,"href":"https:\/\/www.judoclub-gornau.de\/index.php?rest_route=%2Fwp%2Fv2%2Fcategories&post=9189"},{"taxonomy":"post_tag","embeddable":true,"href":"https:\/\/www.judoclub-gornau.de\/index.php?rest_route=%2Fwp%2Fv2%2Ftags&post=9189"}],"curies":[{"name":"wp","href":"https:\/\/api.w.org\/{rel}","templated":true}]}}