{"id":9206,"date":"2019-05-05T15:09:39","date_gmt":"2019-05-05T13:09:39","guid":{"rendered":"https:\/\/www.judoclub-gornau.de\/?p=9206"},"modified":"2019-05-05T21:42:10","modified_gmt":"2019-05-05T19:42:10","slug":"erfolgreiches-we-fuer-unsere-judoka","status":"publish","type":"post","link":"https:\/\/www.judoclub-gornau.de\/?p=9206","title":{"rendered":"Erfolgreiches WE f\u00fcr unsere Judoka!"},"content":{"rendered":"<p>Mit Edelmetall beh\u00e4ngt kehrten die Judoka der Altersklassen U9, U11 und U13 vom 6.Rammenauer Zwergenpokal am 4.Mai 2019 zur\u00fcck. Bei diesem hochklassischen Turnier standen 335 Judoka aus Sachsen, Brandenburg, Sachsen-Anhalt, sowie Polen und Tschechien auf der Matte.<\/p>\n<p>Begonnen wurde, leider mit Versp\u00e4tung, in der AK U9. Hier stand f\u00fcr den uns Aljoscha Langer (-22,8kg) auf der Matte. Er konnte von seinen 4 K\u00e4mpfen 3 siegreich gestalten und sicherte sich damit Silber und die erste Medaille f\u00fcr uns.<\/p>\n<p>In der Alterklasse U11 gingen sein Bruder Nikita Langer (-27kg), Elias Wunderlich (-25kg), Niclas Stein (-29kg) sowie Fabian Klaus (-35kg) auf die Matte. Elias tat sich am Anfang etwas schwer, kam dann aber richtig in Fahrt und konnte alle Begegnungen f\u00fcr sich entscheiden. Nikita Langer zog nur im Finale gegen K\u00f6nig vom Gastgeber Rammenau den K\u00fcrzeren und holte sich, wie sein Bruder,\u00a0 Silber.\u00a0 Niclas Stein und Fabian Klaus k\u00e4mpften im Doppel-KO-Modus. Durch jeweils einen verlorenen Kampf kamen Beide in die Hoffnungsrunde, wo sie sich allerdings nicht mehr die Butter vom Brot nehmen lie\u00dfen. Beide sicherten sich Bronze.<\/p>\n<p>Lara Neubert (-44kg) und Dean Richter (-31kg) vertraten die Gornauer Farben in der AK U13. Lara k\u00e4mpfte im Pool-System. Durch einen verlorenen Kampf sprang daher am Ende nur noch Bronze f\u00fcr sie heraus. Bei Dean Richter war am Sonnabend der Knoten geplatzt. Er hatte es ausschlie\u00dflich mit sehr starken Gegnern zu tun und musste diesmal alle Register seines K\u00f6nnens ziehen. Dies gelang ihm auch und nach z\u00e4hen K\u00e4mpfen verlies er jedes Mal die Matte als strahlender Sieger.<\/p>\n<p>In der Pokalwertung spieltenwir, aufgrund unserer geringen Starterzahl, keine Rolle. Pokalsieger wurde der Gastgeber Rammenau vor D\u00f6beln, Sakura Spremberg, der SG Weixdorf und den Judoka aus Most.<\/p>\n<p>Zeitgleich zum Zwergenpokal fanden in Adorf die Bezirkseinzelmeisterschaften der M\u00e4dchen und Jungen der Altersklasse U15 statt. Auch hier konnten unsere Judoka wieder voll auftrumpfen. Bei den M\u00e4dchen standen in der Gewichtsklasse -48kg Charlize Richter und Lena Oehme auf der Tatami. Charlize konnte an ihre Erfolge vom letzten Turnier ankn\u00fcpfen und gewann souver\u00e4n ihre Begegnungen und somit Gold. Lena Oehme musste leider einen Kampf abgeben, sicherte sich dann jedoch in der Hoffnungsrunde noch Bronze. Bedingt durch ihre geringe Wettkampferfahrung ist dies ein sch\u00f6ner Erfolg und wird sicherlich motivieren. Beide, Charlize und Lena haben sich mit dieser Platzierung eine Fahrkarte zu den Sachsenmeisterschaften am 25. Mai in Kamenz gesichert. Carlotta Oertel (-52kg) gewann ihre ersten beiden K\u00e4mpfe und stand somit im Finale. Hier traf sie auf Poppe aus Rodewisch und es ging hart zur Sache. Durch eine Kontertechnik der Rodewischerin musste sich Carlotta schlie\u00dflich geschlagen geben. Sie ist mit ihrem 2.Platz damit auch in Kamenz bei den LEM dabei. Im Limit -57kg standen mit Celina Reichel und Amely Wolf wieder 2 Gornauer zusammen auf der Matte. Beide zeigten gute Techniken und schafften es bis ins Finale, wo sie dann aufeinander trafen. Hier half Celina nat\u00fcrlich die gr\u00f6\u00dfere Wettkampferfahrung, wobei Amely auch gut gegenhalten konnte. Am Ende verlie\u00df Celina die Matte als Siegerin. Auch diese Beiden sind somit in Kamenz mit von der Partie. Lina Bernhardt (+63kg) erk\u00e4mpfte sich am Sonnabend ihren bisher gr\u00f6\u00dften Erfolg. Sie gewann in ihrer Gewichtsklasse die Silbermedaille und sicherte sich damit die Fahrkarte zu den Sachsenmeisterschaften.<\/p>\n<p>Bei den Jungen schaffte Nick Reichel (-34kg) ein Novum. Da er der letzte Jahrgang in der Altersklasse U13 ist, war er auch f\u00fcr die n\u00e4chst h\u00f6here Altersklasse zugelassen. Und er hat es gewagt und gewonnen! Er erk\u00e4mpfte sich die Goldmedaille und f\u00e4hrt dieses Jahr zu seinen zweiten Landemeisterschaften. Vadym Zaitsev (-43kg) musste am Sonnabend \u201eLehrgeld\u201c zahlen. Nach zwei verlorenen Begegnungen war f\u00fcr ihn nach der Vorrunde Schlu\u00df. Gustav Schulz (-66kg) fand am Sonnabend endlich wieder zu alter Form zur\u00fcck. Kampfstark und verbissen k\u00e4mpfte er sich bis ins Finale und gewann auch dort. Somit ist auch er am 25.Mai in Kamenz mit dabei.<\/p>\n<p>\u201eDer Judo Club Gornau e.V. konnte mal wieder zeigen, was seine Judoka drauf haben. 9 Sportler nahmen an den BEM teil\u00a0 und 8 erringen Medaillen und qualifizieren sich f\u00fcr die LEM. Ein Riesenerfolg.\u201c So der Betreuer Reimar Sesser.<\/p>\nngg_shortcode_0_placeholder\n","protected":false},"excerpt":{"rendered":"<p>Mit Edelmetall beh\u00e4ngt kehrten die Judoka der Altersklassen U9, U11 und U13 vom 6.Rammenauer Zwergenpokal am 4.Mai 2019 zur\u00fcck. Bei diesem hochklassischen Turnier standen 335 Judoka aus Sachsen, Brandenburg, Sachsen-Anhalt, sowie Polen und Tschechien auf der Matte. Begonnen wurde, leider mit Versp\u00e4tung, in der AK U9. Hier stand f\u00fcr den uns Aljoscha Langer (-22,8kg) auf der Matte. Er konnte von [&hellip;]<\/p>\n","protected":false},"author":3,"featured_media":9209,"comment_status":"open","ping_status":"closed","sticky":false,"template":"","format":"standard","meta":{"ngg_post_thumbnail":0,"footnotes":""},"categories":[3],"tags":[247,64,217,117,16,82,22,248],"class_list":["post-9206","post","type-post","status-publish","format-standard","has-post-thumbnail","hentry","category-ergebnisse","tag-247","tag-adorf","tag-bem-u15","tag-rammenau","tag-u11","tag-u13","tag-u9","tag-zwergenpokal"],"_links":{"self":[{"href":"https:\/\/www.judoclub-gornau.de\/index.php?rest_route=\/wp\/v2\/posts\/9206"}],"collection":[{"href":"https:\/\/www.judoclub-gornau.de\/index.php?rest_route=\/wp\/v2\/posts"}],"about":[{"href":"https:\/\/www.judoclub-gornau.de\/index.php?rest_route=\/wp\/v2\/types\/post"}],"author":[{"embeddable":true,"href":"https:\/\/www.judoclub-gornau.de\/index.php?rest_route=\/wp\/v2\/users\/3"}],"replies":[{"embeddable":true,"href":"https:\/\/www.judoclub-gornau.de\/index.php?rest_route=%2Fwp%2Fv2%2Fcomments&post=9206"}],"version-history":[{"count":3,"href":"https:\/\/www.judoclub-gornau.de\/index.php?rest_route=\/wp\/v2\/posts\/9206\/revisions"}],"predecessor-version":[{"id":9258,"href":"https:\/\/www.judoclub-gornau.de\/index.php?rest_route=\/wp\/v2\/posts\/9206\/revisions\/9258"}],"wp:featuredmedia":[{"embeddable":true,"href":"https:\/\/www.judoclub-gornau.de\/index.php?rest_route=\/wp\/v2\/media\/9209"}],"wp:attachment":[{"href":"https:\/\/www.judoclub-gornau.de\/index.php?rest_route=%2Fwp%2Fv2%2Fmedia&parent=9206"}],"wp:term":[{"taxonomy":"category","embeddable":true,"href":"https:\/\/www.judoclub-gornau.de\/index.php?rest_route=%2Fwp%2Fv2%2Fcategories&post=9206"},{"taxonomy":"post_tag","embeddable":true,"href":"https:\/\/www.judoclub-gornau.de\/index.php?rest_route=%2Fwp%2Fv2%2Ftags&post=9206"}],"curies":[{"name":"wp","href":"https:\/\/api.w.org\/{rel}","templated":true}]}}