{"id":9260,"date":"2019-05-19T16:58:06","date_gmt":"2019-05-19T14:58:06","guid":{"rendered":"https:\/\/www.judoclub-gornau.de\/?p=9260"},"modified":"2019-05-19T16:58:06","modified_gmt":"2019-05-19T14:58:06","slug":"gornauer-judoka-holen-zwei-komplette-medaillensaetze-in-doebeln","status":"publish","type":"post","link":"https:\/\/www.judoclub-gornau.de\/?p=9260","title":{"rendered":"Gornauer Judoka holen zwei komplette Medaillens\u00e4tze in D\u00f6beln"},"content":{"rendered":"<p>Am 18.Mai reisten unsere M\u00e4dchen und Jungen der Altersklassen U11 und U13 nach D\u00f6beln. Dort fand die 9.Auflage des Stiefelpokals statt. Bei diesem hochklassischen Turnier starteten insgesamt 270 Judoka aus 22 Vereinen.<\/p>\n<p>Wir waren mit 5 Jungen in der U11 und 2 M\u00e4dchen und einem Jungen in der U13 vertreten. Unser Leichtgewicht in der Gewichtsklasse -26kg, Nikita Langer, verlor zwar seine 1.Begegnung, konnte jedoch in der Hoffnungsrunde noch einmal richtig aufdrehen und sicherte sich dort Bronze. Niclas Stein (-30kg), hatte es am Sonnabend sehr schwer. In einer zahlenm\u00e4\u00dfig sehr stark besetzten Gewichtsklasse bestritt er seine Treffen mit Mylau (Bernburg) und N\u00f6bel (Leipzig) siegreich. Im dritten Kampf hatte er bei Kampfrichterentscheid wegen mehreren Bestrafungen, die nicht h\u00e4tten sein m\u00fcssen, das Nachsehen. Nach einer weiteren siegreichen Begegnung hatte er jedoch gegen einen Judoka des Chemnitzer PSC im Kampf um Bronze ebenfalls das Nachsehen. \u201eNiclas Leistungen sind, trotzdem er keine Medaille erk\u00e4mpfen konnte, eine respektable Leistung!\u201c, so Trainer Reimar Sesser. Im Limit -36kg stand Fabian Klaus f\u00fcr uns auf der Matte. Seinen ersten Kampf \u201everschlief\u201c Fabian leider gegen einen Judoka aus Chemnitz. In der Hoffnungsrunde schaffte er es bis zum Kampf um Bronze, wo er jedoch nach kr\u00e4ftiger Gegenwehr wieder den K\u00fcrzeren zog. In der Gewichtsklasse -39kg \u00fcberraschte Clemens Fiedler seinen Trainer. Im ersten Kampf gegen einen Judoka aus Rodewisch tat sich Clemens noch recht schwer. Bei Punktegleichstand kam es zum Kampfrichterentscheid und der fiel zugunsten von Clemens aus, weil er der Aktivere war. Den n\u00e4chsten Kampf gewann er mit Waza-Ari f\u00fcr einen Hiza-Guruma mit anschlie\u00dfender Festhalte. Im Finale bezwang er dann wieder einen Rodewischer mit Seoi-Otoshi und holte sich damit dieses Jahr seine erste Goldmedaille. Bleibt zu hoffen, dass es noch viele weitere von der Sorte f\u00fcr ihn gibt. Den Medaillensatz komplettierte Louis Herrmann (-42kg). Er verlor nur gegen Kunz aus Rodewisch und trat die Heimreise mit einer Silbermedaille an.<\/p>\n<p>In der AK U13 brachte Lara Neubert (-47kg) die Augen des Trainers zum Gl\u00e4nzen. Sie hatte in ihrer Gewichtsklasse 4 Gegnerinnen und lie\u00df aber auch Keiner eine Chance. So mussten sich Wittenecker (DHfK Leipzig) Bannert (Delitzsch), Wehle und Dettmer (beide aus D\u00f6beln) geschlagen geben. \u201eLara hat damit ihre Siegesserie von 2019 fortgesetzt und wenn man sie k\u00e4mpfen sieht, wei\u00df man auch, warum sie Landesmeisterin in ihrer AK ist.\u201c So Sesser. Silber erk\u00e4mpfte Hanna Kertzscher (-31kg). Sie musste sich leider der starken Wetzig vom Gastgeber D\u00f6beln geschlagen geben. Dean Richter (-31kg) komplettierte in der U13 die Medaillenausbeute. Leider musste er die Siege in den K\u00e4mpfen gegen Wielsch (Leipzig) und den sp\u00e4teren Sieger der Gewichtsklasse abgeben. Seine beiden letzten K\u00e4mpfe konnte er jedoch mit Kampfgeist und sehenswerten Techniken f\u00fcr sich entscheiden und fuhr mit Bronze heim.<\/p>\n<p>F\u00fcr die Organisation des Stiefelpokals muss man dem gastgebenden D\u00f6belner SC Respekt zollen. Trotz der vielen Teilnehmer gingen alle K\u00e4mpfe und auch die Siegerehrungen z\u00fcgig \u00fcber die B\u00fchne.<\/p>\n","protected":false},"excerpt":{"rendered":"<p>Am 18.Mai reisten unsere M\u00e4dchen und Jungen der Altersklassen U11 und U13 nach D\u00f6beln. Dort fand die 9.Auflage des Stiefelpokals statt. Bei diesem hochklassischen Turnier starteten insgesamt 270 Judoka aus 22 Vereinen. Wir waren mit 5 Jungen in der U11 und 2 M\u00e4dchen und einem Jungen in der U13 vertreten. Unser Leichtgewicht in der Gewichtsklasse -26kg, Nikita Langer, verlor zwar [&hellip;]<\/p>\n","protected":false},"author":3,"featured_media":9261,"comment_status":"open","ping_status":"closed","sticky":false,"template":"","format":"standard","meta":{"ngg_post_thumbnail":0,"footnotes":""},"categories":[3],"tags":[247,108,179,16,82],"class_list":["post-9260","post","type-post","status-publish","format-standard","has-post-thumbnail","hentry","category-ergebnisse","tag-247","tag-dobeln","tag-stiefelpokal","tag-u11","tag-u13"],"_links":{"self":[{"href":"https:\/\/www.judoclub-gornau.de\/index.php?rest_route=\/wp\/v2\/posts\/9260"}],"collection":[{"href":"https:\/\/www.judoclub-gornau.de\/index.php?rest_route=\/wp\/v2\/posts"}],"about":[{"href":"https:\/\/www.judoclub-gornau.de\/index.php?rest_route=\/wp\/v2\/types\/post"}],"author":[{"embeddable":true,"href":"https:\/\/www.judoclub-gornau.de\/index.php?rest_route=\/wp\/v2\/users\/3"}],"replies":[{"embeddable":true,"href":"https:\/\/www.judoclub-gornau.de\/index.php?rest_route=%2Fwp%2Fv2%2Fcomments&post=9260"}],"version-history":[{"count":1,"href":"https:\/\/www.judoclub-gornau.de\/index.php?rest_route=\/wp\/v2\/posts\/9260\/revisions"}],"predecessor-version":[{"id":9262,"href":"https:\/\/www.judoclub-gornau.de\/index.php?rest_route=\/wp\/v2\/posts\/9260\/revisions\/9262"}],"wp:featuredmedia":[{"embeddable":true,"href":"https:\/\/www.judoclub-gornau.de\/index.php?rest_route=\/wp\/v2\/media\/9261"}],"wp:attachment":[{"href":"https:\/\/www.judoclub-gornau.de\/index.php?rest_route=%2Fwp%2Fv2%2Fmedia&parent=9260"}],"wp:term":[{"taxonomy":"category","embeddable":true,"href":"https:\/\/www.judoclub-gornau.de\/index.php?rest_route=%2Fwp%2Fv2%2Fcategories&post=9260"},{"taxonomy":"post_tag","embeddable":true,"href":"https:\/\/www.judoclub-gornau.de\/index.php?rest_route=%2Fwp%2Fv2%2Ftags&post=9260"}],"curies":[{"name":"wp","href":"https:\/\/api.w.org\/{rel}","templated":true}]}}