{"id":9321,"date":"2019-06-30T18:22:05","date_gmt":"2019-06-30T16:22:05","guid":{"rendered":"https:\/\/www.judoclub-gornau.de\/?p=9321"},"modified":"2020-02-11T22:53:06","modified_gmt":"2020-02-11T20:53:06","slug":"unsere-judoka-mit-7-medaillen-von-landesjugendspielen-zurueck","status":"publish","type":"post","link":"https:\/\/www.judoclub-gornau.de\/?p=9321","title":{"rendered":"Unsere Judoka mit 7 Medaillen von Landesjugendspielen zur\u00fcck"},"content":{"rendered":"\n<p>Die Erfolgsbilanz unserer Judoka zu den Landesjugendspielen der Altersklassen U12 und U14 kann sich, gemessen an den herrschenden Temperaturen, durchaus sehen lassen.<\/p>\n\n\n\n<p>Am Sonnabend, 29.06.2019, standen die M\u00e4dchen und Jungen der UK U12 , insgesamt 280 Judoka, auf der Matte. Unsere M\u00e4dchen konnten wieder voll auftrumpfen. In der Gewichtsklasse -33,5kg wurden die Gornauer Farben von Hanna Kertzscher vertreten.\u00a0 Nach Siegen \u00fcber insgesamt 3 Gegnerinnen mit vielf\u00e4ltigen Techniken, stand Hanna im Finale Br\u00fcckner aus Dresden gegen\u00fcber. Einen Moment der Unachtsamkeit von Hanna nutzte die Dresdnerin konsequent aus und erk\u00e4mpfte sich damit Gold vor Hanna Kertzscher, welche sich auch \u00fcber Silber freuen durfte. Im Limit -44kg stand mit Lara Neubert ein \u201ealter Hase\u201c in Sachen Wettkampf auf der Matte. Auf ihrem Weg zu Gold wie\u00df sie Schwab (Rodewisch), Nunez (Mickten), Lenk und H\u00fcbner (beide Rodewisch) in die Schranken. Ebenso Johanna Bilz (-47,2kg). Ihre 3 Gegnerinnen hatten ihr nichts entgegen zu setzen und somit durfte Johanna die Heimreise mit Gold antreten.<\/p>\n\n\n\n<p>Bei den Jungen dieser Altersklasse startete Elias Wunderlich\nbei -26kg. Er begann mit einem hervorragenden Auftaktsieg gegen Stange aus Zittau.\nIn der Begegnung gegen Gaffenty aus Leipzig lies er sich jedoch \u00fcberraschen und\nverlor. Im Kampf um Bronze gegen Talanov setzte er sich dann jedoch wieder\nkonsequent durch und gewann. <\/p>\n\n\n\n<p>Nikita Langer (-28,2kg) \u201eversemmelte\u201c leider den Auftaktkampf und kam in die Hoffnungsrunde. Hier schaffte er es bis zum Kampf um Bronze, den er aber leider wieder verlor. Somit war f\u00fcr ihn am Sonnabend nicht mehr als der undankbare 5.Platz drin. Dean Richter (-30,4kg) trumpfte am Sonnabend wieder richtig auf. Auch er stand nach 3 gewonnen K\u00e4mpfen im Finale, wo er auf den starken Leipziger Wilsch traf. Dean setzte sich jedoch konsequent durch und lies nicht locker. Am Ende hie\u00df es \u201eIppon\u201c f\u00fcr Dean Richter und damit hatte er auch Gold sicher. Im Limit -35,6kg standen f\u00fcr uns Fabian Klaus und Niclas Stein auf der Matte. Beiden machte aber unter anderem auch die extreme Hitze zu schaffen. Beide hatten jeweils einen Kampf und mussten die Begegnungen verloren geben und schieden aus dem Wettkampfgeschehen aus.<\/p>\n\n\n\n<p>Am Sonntag, 30.06.2019, hie\u00df es dann \u201eHajime\u201c f\u00fcr die\nAktiven der AK U14, diesmal \u201enur\u201c 180 Judoka. <\/p>\n\n\n\n<p>F\u00fcr uns standen Nick Reichel (-34kg) und Amely Wolf (-56kg) auf der Matte. Nick zeigte von Anfang an, wer Chef auf der Matte ist. Als ersten Gegner wies er Schiefer vom CPSC mit Uchi-Mata in die Schranken. Dann folgten Albrecht (Dresden-Mitte) und Nothnagel vom Gastgeber Motor Mickten. In der letzten Begegnung stand er Forke aus Radeberg gegen\u00fcber, welcher ihn ganz sch\u00f6n forderte, aber auch hier verlie\u00df Nick die Matte als Sieger. Amely Wolf schaffte es am Sonntag leider \u201enur\u201c auf den Bronzerang. Trotz guter Ans\u00e4tze fehlte am Ende zum wiederholten Male das letzte Qu\u00e4ntchen Gl\u00fcck. <\/p>\n\n\n\n<p>An beiden Wettkampftagen haben das Org-Team vom Gastgeber Motor Mickten und die Jugendleitung des JV Sachen gro\u00dfartiges geleistet. Es gab ein Rahmenprogramm, welches f\u00fcr die K\u00e4mpfer, die nicht auf der Matte aktiv waren, viele Aktionen bereithielten. Vor den Siegerehrungen war unter anderem ein Break-Dancer anwesend, welcher seine Sportart vorstellte und auch zum Mitmachen animierte, was von vielen Judoka auch angenommen wurde. Also noch einmal ein dickes Lob an die Organisatoren, welche die Tropenhitze einigerma\u00dfen ertr\u00e4glich machten.<\/p>\n","protected":false},"excerpt":{"rendered":"<p>Die Erfolgsbilanz unserer Judoka zu den Landesjugendspielen der Altersklassen U12 und U14 kann sich, gemessen an den herrschenden Temperaturen, durchaus sehen lassen. Am Sonnabend, 29.06.2019, standen die M\u00e4dchen und Jungen der UK U12 , insgesamt 280 Judoka, auf der Matte. Unsere M\u00e4dchen konnten wieder voll auftrumpfen. In der Gewichtsklasse -33,5kg wurden die Gornauer Farben von Hanna Kertzscher vertreten.\u00a0 Nach Siegen [&hellip;]<\/p>\n","protected":false},"author":3,"featured_media":9323,"comment_status":"open","ping_status":"closed","sticky":false,"template":"","format":"standard","meta":{"ngg_post_thumbnail":0,"footnotes":""},"categories":[3],"tags":[161,57,43,18],"class_list":["post-9321","post","type-post","status-publish","format-standard","has-post-thumbnail","hentry","category-ergebnisse","tag-dresden","tag-landesjugendspiele","tag-u12","tag-u14"],"_links":{"self":[{"href":"https:\/\/www.judoclub-gornau.de\/index.php?rest_route=\/wp\/v2\/posts\/9321"}],"collection":[{"href":"https:\/\/www.judoclub-gornau.de\/index.php?rest_route=\/wp\/v2\/posts"}],"about":[{"href":"https:\/\/www.judoclub-gornau.de\/index.php?rest_route=\/wp\/v2\/types\/post"}],"author":[{"embeddable":true,"href":"https:\/\/www.judoclub-gornau.de\/index.php?rest_route=\/wp\/v2\/users\/3"}],"replies":[{"embeddable":true,"href":"https:\/\/www.judoclub-gornau.de\/index.php?rest_route=%2Fwp%2Fv2%2Fcomments&post=9321"}],"version-history":[{"count":1,"href":"https:\/\/www.judoclub-gornau.de\/index.php?rest_route=\/wp\/v2\/posts\/9321\/revisions"}],"predecessor-version":[{"id":9322,"href":"https:\/\/www.judoclub-gornau.de\/index.php?rest_route=\/wp\/v2\/posts\/9321\/revisions\/9322"}],"wp:featuredmedia":[{"embeddable":true,"href":"https:\/\/www.judoclub-gornau.de\/index.php?rest_route=\/wp\/v2\/media\/9323"}],"wp:attachment":[{"href":"https:\/\/www.judoclub-gornau.de\/index.php?rest_route=%2Fwp%2Fv2%2Fmedia&parent=9321"}],"wp:term":[{"taxonomy":"category","embeddable":true,"href":"https:\/\/www.judoclub-gornau.de\/index.php?rest_route=%2Fwp%2Fv2%2Fcategories&post=9321"},{"taxonomy":"post_tag","embeddable":true,"href":"https:\/\/www.judoclub-gornau.de\/index.php?rest_route=%2Fwp%2Fv2%2Ftags&post=9321"}],"curies":[{"name":"wp","href":"https:\/\/api.w.org\/{rel}","templated":true}]}}