{"id":9328,"date":"2019-08-03T15:59:03","date_gmt":"2019-08-03T13:59:03","guid":{"rendered":"https:\/\/www.judoclub-gornau.de\/?p=9328"},"modified":"2020-02-11T22:53:43","modified_gmt":"2020-02-11T20:53:43","slug":"auch-das-zelt-u-trainingslager-2019-ist-geschichte","status":"publish","type":"post","link":"https:\/\/www.judoclub-gornau.de\/?p=9328","title":{"rendered":"Auch das Zelt-u. Trainingslager 2019 ist Geschichte"},"content":{"rendered":"\n<p><\/p>\n\n\n\n<p>Im Zeitraum 5.Juli bis zum 10.Juli organisierten &nbsp;wir unser 28.Zeltlager. Es fand, wie schon\neinige Jahre erfolgreich getestet, im Freibad von Gornau statt. Bereits am\nFreitag wurde mit dem Aufbau des Lagers begonnen und da viele Eltern unserer\nKinder dabei mit halfen, war man beizeiten damit fertig. Dieses Jahr hatten wir\njedoch nur 1 gro\u00dfes Zelt als Essens-u. Versorgungszelt zur Verf\u00fcgung, wo wir\nsonst immer 3 nutzen konnten. Nach der Er\u00f6ffnung des Lagers am Sonnabend, einer\nkurzen Einweisung der Teilnehmer in die Gepflogenheiten des Lagers, sowie die\nAufteilung der einzelnen Gruppen, standen dann Alle gegen 10.00 Uhr auf der\nMatte. Jetzt konnten die Judoka mit h\u00f6herer Graduierung noch ein paar Techniken\n\u00fcben und die niedrig graduierten Judoka durften ihre Pr\u00fcfung f\u00fcr den n\u00e4chsten\nKyu-Grad absolvieren. Dies klappte alles hervorragend und Pr\u00fcfer Uwe Drechsel\n(II.DAN) sowie der Vereinsvorsitzende konnten allen Pr\u00fcflingen zur bestandenen\nPr\u00fcfung gratulieren. Nach dem Mittag und einer kurzen Ruhepause ging es f\u00fcr die\ngr\u00f6\u00dferen Judoka zur Pr\u00fcfung, w\u00e4hrend die bereits gepr\u00fcften Judoka sich im Lager\nbei Spielen die Zeit vertrieben. Auch die h\u00f6her graduierten Judoka zeigten, bis\nauf Einen, gute bis sehr gute Leistungen und d\u00fcrfen sich nun einen neuen G\u00fcrtel\numbinden. Der Abend geh\u00f6rte dann Allen zum Spielen und bei einem gem\u00fctlichen\nLagerfeuer klang der Tag aus. Am Morgen des Sonntag wurde noch eine Einheit\nJudo auf der Matte absolviert und viele hatten schon voll Stolz ihren neuen\nG\u00fcrtel um. Nach dem Mittag hatten sich die Kameraden der Freiwilligen Feuerwehr\nund des Katastrophenschutzes von Gornau angek\u00fcndigt. Sie bauten einen Parcours,\nwelchen die Kinder und Jugendlichen bew\u00e4ltigen mussten. Gleichzeitig bekamen\nsie einen Einblick in die oft schwere und aufopferungsvolle T\u00e4tigkeit der\nKameraden. Diese hatten auch sichtlich Spa\u00df daran, ihr Wissen und ihre\nFertigkeiten erkl\u00e4ren und weitergeben zu k\u00f6nnen. An dieser Stelle noch einmal\nein ganz gro\u00dfes Dankesch\u00f6n an alle Kameraden des Katastrophenschutzes und der\nFeuerwehr von Gornau. Der sp\u00e4te Nachmittag und der Abend geh\u00f6rten dann den\nFamilien der Teilnehmer, welche alle ganz herzlich eingeladen wurden und wo\ndann feierlich die \u00dcbergabe der Urkunden zum neu erlangten Kyu-Grad am\nLagerfeuer erfolgte. <\/p>\n\n\n\n<p>F\u00fcr den Montag hatten sich die Verantwortlichen des\nJUDO-CLUB Gornau e.V. den Landestrainer der U15, Frederik J\u00e4de, eingeladen. Er\nabsolvierte am Vormittag und am Nachmittag jeweils eine Trainingseinheit und\nbrachte den interessierten&nbsp; Judoka\nverschiedene Techniken im Stand und am Boden nahe, welch von Allen flei\u00dfig\nge\u00fcbt wurden. Da Frederik jedoch etwas zeitiger die Heimreise antreten musste,\nbot er an, in den Herbstferien zu einem Training in Gornau hereinzuschauen. <\/p>\n\n\n\n<p>Am Dienstag wurde vormittags von einigen Judoka noch eine\nPr\u00fcfung in Jiu-Jitsu abgelegt, welche alle Pr\u00fcflinge mit Bravour bestanden. Am\nNachmittag absolvierten alle \u201e\u00e4lteren\u201c Judoka die \u00dcbungen f\u00fcr das Judosportabzeichen\nund dabei wurde allerhand Schwei\u00df vergossen. Die kleineren Judoka hatten ihre\nAufgaben f\u00fcr die \u201eBudo-Safari\u201c bereits am Sonntag absolviert. Zum Abschluss des\nLagers fand am Dienstag dann sp\u00e4t am Abend die obligatorische Nachtwanderung\nstatt und rechtschaffen m\u00fcde ging es sp\u00e4t in der Nacht in die Zelte zum\nSchlafen. Der Abbau des Zeltlagers am Mittwoch ging recht z\u00fcgig \u00fcber die B\u00fchne.\nAlle halfen mit die einzelnen Zelte abzubauen, das Versorgungszelt auszur\u00e4umen\nund alle Utensilien wieder in die Vereinsr\u00e4ume zu bringen. <\/p>\n\n\n\n<p>An dieser Stelle noch einmal ein gro\u00dfes Dankesch\u00f6n an die Gemeinde Gornau, welche uns, wie schon in der Vergangenheit, bei der Vorbereitung und Durchf\u00fchrung des Lagers tatkr\u00e4ftig unterst\u00fctze. Nicht zu vergessen das LRA\/ Jugendamt welche uns finanziell unterst\u00fctzten. Dank auch an die Drehbacher B\u00e4ckerei, welche uns an allen Tagen mit Br\u00f6tchen belieferte und nat\u00fcrlich geb\u00fchrt auch dem \u201eCafe Carola\u201c Dank f\u00fcr das gelieferte Mittagessen. Nat\u00fcrlich m\u00f6chte sich das Organisationsteam auch bei unserem K\u00fcchenteam um Uta M\u00fcller, Anja Thriemer sowie Franziska Langer bedanken, welche uns die ganze Zeit das Essen zukommen liesen und sich um alles, was die Bek\u00f6stigung betraf k\u00fcmmerten. Ein gro\u00dfes Dankesch\u00f6n an dieser Stelle auch an alle Eltern, welche daf\u00fcr sorgten dass allen Beteiligten des Lagers der Kuchen, die Melonen, das andere Obst und Gem\u00fcse und diverse andere K\u00f6stlichkeiten nicht ausgingen. Ohne diese Unterst\u00fctzungen w\u00e4re ein solches Lager nicht zu bew\u00e4ltigen.<\/p>\n","protected":false},"excerpt":{"rendered":"<p>Im Zeitraum 5.Juli bis zum 10.Juli organisierten &nbsp;wir unser 28.Zeltlager. Es fand, wie schon einige Jahre erfolgreich getestet, im Freibad von Gornau statt. Bereits am Freitag wurde mit dem Aufbau des Lagers begonnen und da viele Eltern unserer Kinder dabei mit halfen, war man beizeiten damit fertig. Dieses Jahr hatten wir jedoch nur 1 gro\u00dfes Zelt als Essens-u. Versorgungszelt zur [&hellip;]<\/p>\n","protected":false},"author":3,"featured_media":9330,"comment_status":"open","ping_status":"closed","sticky":false,"template":"","format":"standard","meta":{"ngg_post_thumbnail":0,"footnotes":""},"categories":[5],"tags":[247,7],"class_list":["post-9328","post","type-post","status-publish","format-standard","has-post-thumbnail","hentry","category-sonstiges","tag-247","tag-zeltlager"],"_links":{"self":[{"href":"https:\/\/www.judoclub-gornau.de\/index.php?rest_route=\/wp\/v2\/posts\/9328"}],"collection":[{"href":"https:\/\/www.judoclub-gornau.de\/index.php?rest_route=\/wp\/v2\/posts"}],"about":[{"href":"https:\/\/www.judoclub-gornau.de\/index.php?rest_route=\/wp\/v2\/types\/post"}],"author":[{"embeddable":true,"href":"https:\/\/www.judoclub-gornau.de\/index.php?rest_route=\/wp\/v2\/users\/3"}],"replies":[{"embeddable":true,"href":"https:\/\/www.judoclub-gornau.de\/index.php?rest_route=%2Fwp%2Fv2%2Fcomments&post=9328"}],"version-history":[{"count":2,"href":"https:\/\/www.judoclub-gornau.de\/index.php?rest_route=\/wp\/v2\/posts\/9328\/revisions"}],"predecessor-version":[{"id":9331,"href":"https:\/\/www.judoclub-gornau.de\/index.php?rest_route=\/wp\/v2\/posts\/9328\/revisions\/9331"}],"wp:featuredmedia":[{"embeddable":true,"href":"https:\/\/www.judoclub-gornau.de\/index.php?rest_route=\/wp\/v2\/media\/9330"}],"wp:attachment":[{"href":"https:\/\/www.judoclub-gornau.de\/index.php?rest_route=%2Fwp%2Fv2%2Fmedia&parent=9328"}],"wp:term":[{"taxonomy":"category","embeddable":true,"href":"https:\/\/www.judoclub-gornau.de\/index.php?rest_route=%2Fwp%2Fv2%2Fcategories&post=9328"},{"taxonomy":"post_tag","embeddable":true,"href":"https:\/\/www.judoclub-gornau.de\/index.php?rest_route=%2Fwp%2Fv2%2Ftags&post=9328"}],"curies":[{"name":"wp","href":"https:\/\/api.w.org\/{rel}","templated":true}]}}