{"id":9353,"date":"2019-10-20T19:47:55","date_gmt":"2019-10-20T17:47:55","guid":{"rendered":"https:\/\/www.judoclub-gornau.de\/?p=9353"},"modified":"2020-02-11T22:54:18","modified_gmt":"2020-02-11T20:54:18","slug":"6-offenes-kampfsportseminar-im-sportpark-rabenberg","status":"publish","type":"post","link":"https:\/\/www.judoclub-gornau.de\/?p=9353","title":{"rendered":"6. Offenes Kampfsportseminar im Sportpark Rabenberg"},"content":{"rendered":"\n<p>Zum diesj\u00e4hrigen 6. Offenen\nKampfsportseminar des Budo Sportvereins Adorf, sind 5 sportbegeisterte, neugierige \u201eNasen\u201c\nunseres Vereines und zus\u00e4tzlich eine Lehrerin des\nZschopauer Gymnasiums zum 11.10. bis 13.10.19 auf den Rabenberg, in den Naturpark\nErzgebirge\/Vogtland, gefahren. Zur Begr\u00fc\u00dfung auf dem Berg kam die\nAbendsonne p\u00fcnktlich zum leckeren Abendbrot hervor.\nDanach konnten wir uns mit sportlichen Spielen warm machen bzw. mit anderen Sportlern warm werden, bevor gegen\n21 Uhr 3 gro\u00dfe Matten 11&#215;11 aufgebaut\nwurden und der Abend zu Ende ging.\nDie offizielle Begr\u00fc\u00dfung dagegen begann erst am folgenden Tag mit 98 Sportbegeisterten aus Sachsen, Berlin,\nBayern, Baden-W\u00fcrttemberg und der Schweiz. Darunter\nFrancico Boadella \u2013 Pr\u00e4sident des WJJF (World Ju Jitsu Federation) der Schweiz mit seiner Tochter, aus den Hochgebirgen\nunseres Nachbarlandes. Er und\nweitere 7 Referenten gestalteten sehr interessante und den Leistungsstandarts entsprechende Trainingseinheiten. Diese wurden\neingeteilt in \u201eAnf\u00e4nger bis\nGr\u00fcngurt\u201c, \u201eBlau- bis Braungurt\u201c und \u201eDan-Tr\u00e4ger\u201c. Unsere kleine Gemeinschaft gesellte sich\nzur Gruppe \u201eAnf\u00e4nger bis Gr\u00fcngurt\u201c, auch wenn\nmanch Anderer schon eine h\u00f6here Graduierung besa\u00df, blieben wir zusammen. Denn auch so trafen wir viele der\nReferenten, da sich auch um die Erw\u00e4rmung, um Spiele\nund um die Entspannung am Sonntagmittag gek\u00fcmmert werden musste. Referenten an dem Wochenende waren daher:<\/p>\n\n\n\n<p>&#8211; Shihan Richard Schmidt\n6.Dan Pr\u00e4sident der WJJF-Deutschland,<\/p>\n\n\n\n<ul class=\"wp-block-list\"><li>Francico Boadella 4.Dan Pr\u00e4sident WJJF-Schweiz,<\/li><\/ul>\n\n\n\n<p>&#8211; Shihan Torsten Kosuch\n7.Dan WJJF, 7.Dan IPMAF,<\/p>\n\n\n\n<p>&#8211; Shihan Ulrich H\u00e4\u00dfner 6.Dan\nVizepr\u00e4sident-Sport,<\/p>\n\n\n\n<p>&#8211; Instruktor Danny Grie\u00dfbach\n4.Dan, Team-Leiter Nord,<\/p>\n\n\n\n<p>&#8211; Maik Gr\u00e4fe 4.Dan Aikikai,<\/p>\n\n\n\n<p>&#8211; Peter Schmidt Submission\nGrappling und<\/p>\n\n\n\n<p>&#8211; Steffen Lingslebe 4.Dan\nVizepr\u00e4sident-Admin.<\/p>\n\n\n\n<p>Da allerdings jeder f\u00fcr ganz\nbestimmte Themen verantwortlich war, trafen wir nur wenige davon. Darunter die Leiter der sehr\nstarken, gut durchstrukturierten, aber dennoch\nschmerzhaften Hanbo- und Kurzstock- Trainingseinheit. Dann der, dem Boden-Randori \u00e4hnlichen Sportart \u201eSubmission\nGrappling\u201c und der Kampfkunst Aikikai,\nwelche uns allerdings nicht wirklich \u00fcberzeugen konnte, da wir die dort\ngelernten Grundtechniken keinem\nerkennbaren Zweck zuordneten konnten.\nDaf\u00fcr gab es eine sch\u00f6ne \u00dcberraschung f\u00fcr alle Beteiligten, am Samstagabend.\nDer Grund daf\u00fcr war die\n\u00dcbergabe des schwarzen G\u00fcrtels (1.Dan) des Ju-Jitsu, an eine sportbegabte und engagierte Frau f\u00fcr ihre\nHingabe zum Sport des \u201eDojo Shugyu Neuw\u00fcrschnitz\u201c.\nZudem kam noch vor Ende des\nTages eine Pr\u00fcfung zum 2. Dan im Ju-Jitsu, welche sich dann Einige angeschaut haben, als Andere\nnoch vor dem Essen eine gute Stunde geschwommen sind. Diese bestandene Pr\u00fcfung wurde daher noch\neinmal am Abend, unter Versammlung aller\nTeilnehmer, im Kinosaal, mit viel Musik, Getr\u00e4nken f\u00fcr den guten Zweck und kleinen Spielen und Gespr\u00e4chen, neben dem\n25. Jubil\u00e4um des BSV-Adorf gefeiert.<\/p>\n\n\n\n<p>Jessica Meester<\/p>\n","protected":false},"excerpt":{"rendered":"<p>Zum diesj\u00e4hrigen 6. Offenen Kampfsportseminar des Budo Sportvereins Adorf, sind 5 sportbegeisterte, neugierige \u201eNasen\u201c unseres Vereines und zus\u00e4tzlich eine Lehrerin des Zschopauer Gymnasiums zum 11.10. bis 13.10.19 auf den Rabenberg, in den Naturpark Erzgebirge\/Vogtland, gefahren. Zur Begr\u00fc\u00dfung auf dem Berg kam die Abendsonne p\u00fcnktlich zum leckeren Abendbrot hervor. Danach konnten wir uns mit sportlichen Spielen warm machen bzw. mit anderen [&hellip;]<\/p>\n","protected":false},"author":3,"featured_media":9354,"comment_status":"open","ping_status":"closed","sticky":false,"template":"","format":"standard","meta":{"ngg_post_thumbnail":0,"footnotes":""},"categories":[5],"tags":[252,253],"class_list":["post-9353","post","type-post","status-publish","format-standard","has-post-thumbnail","hentry","category-sonstiges","tag-budo-seminar","tag-rabenberg"],"_links":{"self":[{"href":"https:\/\/www.judoclub-gornau.de\/index.php?rest_route=\/wp\/v2\/posts\/9353"}],"collection":[{"href":"https:\/\/www.judoclub-gornau.de\/index.php?rest_route=\/wp\/v2\/posts"}],"about":[{"href":"https:\/\/www.judoclub-gornau.de\/index.php?rest_route=\/wp\/v2\/types\/post"}],"author":[{"embeddable":true,"href":"https:\/\/www.judoclub-gornau.de\/index.php?rest_route=\/wp\/v2\/users\/3"}],"replies":[{"embeddable":true,"href":"https:\/\/www.judoclub-gornau.de\/index.php?rest_route=%2Fwp%2Fv2%2Fcomments&post=9353"}],"version-history":[{"count":2,"href":"https:\/\/www.judoclub-gornau.de\/index.php?rest_route=\/wp\/v2\/posts\/9353\/revisions"}],"predecessor-version":[{"id":9356,"href":"https:\/\/www.judoclub-gornau.de\/index.php?rest_route=\/wp\/v2\/posts\/9353\/revisions\/9356"}],"wp:featuredmedia":[{"embeddable":true,"href":"https:\/\/www.judoclub-gornau.de\/index.php?rest_route=\/wp\/v2\/media\/9354"}],"wp:attachment":[{"href":"https:\/\/www.judoclub-gornau.de\/index.php?rest_route=%2Fwp%2Fv2%2Fmedia&parent=9353"}],"wp:term":[{"taxonomy":"category","embeddable":true,"href":"https:\/\/www.judoclub-gornau.de\/index.php?rest_route=%2Fwp%2Fv2%2Fcategories&post=9353"},{"taxonomy":"post_tag","embeddable":true,"href":"https:\/\/www.judoclub-gornau.de\/index.php?rest_route=%2Fwp%2Fv2%2Ftags&post=9353"}],"curies":[{"name":"wp","href":"https:\/\/api.w.org\/{rel}","templated":true}]}}