{"id":9370,"date":"2019-11-12T10:26:37","date_gmt":"2019-11-12T08:26:37","guid":{"rendered":"https:\/\/www.judoclub-gornau.de\/?p=9370"},"modified":"2020-02-11T22:54:54","modified_gmt":"2020-02-11T20:54:54","slug":"9370","status":"publish","type":"post","link":"https:\/\/www.judoclub-gornau.de\/?p=9370","title":{"rendered":"Gornauer Judoka in Kamenz erfolgreich"},"content":{"rendered":"\n<p>Unsere Judoka konnten am 9. und 10.November wieder Edelmetall bunkern. Sie besuchten den Challenge Cup in Kamenz, welcher vom PSV Kamenz ausgerichtet wurde. Der Sonnabend war den Judoka der AK U9 und U15 gewidmet und der Sonntag den AK U12 und U18 vorbehalten.<\/p>\n\n\n\n<p>Am 9.11.2019 standen 180 Judoka von 35Vereinen aus Deutschland und Tschechien auf der Matte. Wir waren mit 2 Jungen in der U9, sowie 3 M\u00e4dchen und 2 Jungen in der U15 angereist. Unsere \u201eKampfzwerge\u201c Adrian Klaus (-25kg) und Aljoscha Langer (-23kg) erk\u00e4mpften sich jeweils Bronze. Bei Beiden w\u00e4re aber sicherlich auch noch mehr drin gewesen. In der U15 zog Charlize Richter (-48kg) wieder alle Register ihres K\u00f6nnens. Sie bestritt insgesamt 4 K\u00e4mpfe, welche sie alle siegreich beendete. \u201eDas Sch\u00f6ne daran war, sie legte sich nicht auf eine bestimmte Wurftechnik fest, sondern zeigte jedes Mal eine andere Technik zum Erfolg!\u201c, so Betreuer Reimar Sesser. Lena Oehme (-52kg) und Lina Bernhardt (+63kg) komplettierten unseren Medaillenspiegel mit jeweils Bronze. Beide zeigten, entsprechend ihrem Leistungsstand, respektable Ergebnisse. Nick Reichel (-37kg) erf\u00fcllte die in ihn gesetzten Erwatungen voll und ganz. Bei 3 absolvierten K\u00e4mpfen verlie\u00df er die Matte als vorzeitigen Sieger. Nur gegen Stephan (Lauchhammer) zog er durch Kampfrichterentscheid den K\u00fcrzeren. Bedingt durch seine h\u00f6heren Unterpunkte in den vorherigen K\u00e4mpfen war ihm jedoch die Goldmedaille nicht zu nehmen. Vadym Zaitsev (-46kg) zahlte am Sonnabend f\u00fcr sein unregelm\u00e4\u00dfiges Training Lehrgeld. Man sollte eben doch konsequent trainieren. In der Pokalwertung vom Sonnabend konnten wir den 5.Platz erk\u00e4mpfen. Bei der starken Konkurrenz eine klasse Leistung! <\/p>\n\n\n\n<p>Tags darauf hie\u00df es f\u00fcr die Judoka der U12 an selber Stelle \u201eHajime\u201c. Auch hier war das Starterfeld sehr gro\u00df. Es standen 230 Judoka aus 33 Vereinen auf der Matte.<\/p>\n\n\n\n<p>Von unseren 6 Startern in der U12 konnten 5 die Heimreise mit Edelmetall antreten. Elias Wunderlich und Nikita Langer standen beide im Limit \u2013 27kg auf der Matte. Beide schafften es mit guten Leistungen bis auf den 3.Platz. Den 1. und 2.Platz teilten sich die Gaffari-Zwillinge (Holzhausen) welche laut Betreuer , Romeo Rauer, \u201ewie die Bulldozer alles von der Matte fegten!\u201c. Dean Richter (-31kg) schaffte es mit 3 Siegen bis ins Finale. Dort stand er Br\u00fcckner (Pulsnitz) gegen\u00fcber und beide konnten in der regul\u00e4ren Kampfzeit keine Wertung erzielen. Also gab es Kampfrichterentscheid und dieser fiel leider zu Ungunsten von Dean aus. \u00dcber die Silbermedaille hat sich Dean jedoch auch gefreut. Fabian Klaus (-38kg) absolvierte insgesamt 4 K\u00e4mpfe, wovon er jedoch 2 Siege abgeben musste. Es reicht daher nur f\u00fcr den undankbaren 5.Platz. Bei den M\u00e4dchen trumpfte Lara Neubert (-46kg) wieder voll auf. Sie konnte alle ihre K\u00e4mpfe siegreich gestalten und trat die Heimreise mit Gold an. Hanna Kertzscher (-36kg) hatte am Sonntag einen sehr guten Lauf. Sie gewann 3 von 4 K\u00e4mpfen jeweils auf Ippon und musste sich nur gegen\u00fcber Wetzig (D\u00f6beln) geschlagen geben. Aber auch in diesem Kampf gab sie alles und war ihrer Gegnerin ebenb\u00fcrtig. Von daher ein verdienter 2.Platz. In der Pokalwertung vom Sonntag landeten wir auf dem 9.Platz.<\/p>\n\n\n\n<p>Alles in Allem ein sehr sch\u00f6nes und gut organisiertes Turnier bei welchem sehenswertes Judo geboten wurde. Wir haben diesen Wettkampf f\u00fcr n\u00e4chstes Jahr schon auf dem Kalender vermerkt.<\/p>\n","protected":false},"excerpt":{"rendered":"<p>Unsere Judoka konnten am 9. und 10.November wieder Edelmetall bunkern. Sie besuchten den Challenge Cup in Kamenz, welcher vom PSV Kamenz ausgerichtet wurde. Der Sonnabend war den Judoka der AK U9 und U15 gewidmet und der Sonntag den AK U12 und U18 vorbehalten. Am 9.11.2019 standen 180 Judoka von 35Vereinen aus Deutschland und Tschechien auf der Matte. Wir waren mit [&hellip;]<\/p>\n","protected":false},"author":3,"featured_media":9371,"comment_status":"open","ping_status":"closed","sticky":false,"template":"","format":"standard","meta":{"ngg_post_thumbnail":0,"footnotes":""},"categories":[3],"tags":[247,231,69,43,83,22],"class_list":["post-9370","post","type-post","status-publish","format-standard","has-post-thumbnail","hentry","category-ergebnisse","tag-247","tag-challenge-cup","tag-kamenz","tag-u12","tag-u15","tag-u9"],"_links":{"self":[{"href":"https:\/\/www.judoclub-gornau.de\/index.php?rest_route=\/wp\/v2\/posts\/9370"}],"collection":[{"href":"https:\/\/www.judoclub-gornau.de\/index.php?rest_route=\/wp\/v2\/posts"}],"about":[{"href":"https:\/\/www.judoclub-gornau.de\/index.php?rest_route=\/wp\/v2\/types\/post"}],"author":[{"embeddable":true,"href":"https:\/\/www.judoclub-gornau.de\/index.php?rest_route=\/wp\/v2\/users\/3"}],"replies":[{"embeddable":true,"href":"https:\/\/www.judoclub-gornau.de\/index.php?rest_route=%2Fwp%2Fv2%2Fcomments&post=9370"}],"version-history":[{"count":2,"href":"https:\/\/www.judoclub-gornau.de\/index.php?rest_route=\/wp\/v2\/posts\/9370\/revisions"}],"predecessor-version":[{"id":9387,"href":"https:\/\/www.judoclub-gornau.de\/index.php?rest_route=\/wp\/v2\/posts\/9370\/revisions\/9387"}],"wp:featuredmedia":[{"embeddable":true,"href":"https:\/\/www.judoclub-gornau.de\/index.php?rest_route=\/wp\/v2\/media\/9371"}],"wp:attachment":[{"href":"https:\/\/www.judoclub-gornau.de\/index.php?rest_route=%2Fwp%2Fv2%2Fmedia&parent=9370"}],"wp:term":[{"taxonomy":"category","embeddable":true,"href":"https:\/\/www.judoclub-gornau.de\/index.php?rest_route=%2Fwp%2Fv2%2Fcategories&post=9370"},{"taxonomy":"post_tag","embeddable":true,"href":"https:\/\/www.judoclub-gornau.de\/index.php?rest_route=%2Fwp%2Fv2%2Ftags&post=9370"}],"curies":[{"name":"wp","href":"https:\/\/api.w.org\/{rel}","templated":true}]}}