{"id":9388,"date":"2019-12-17T10:19:12","date_gmt":"2019-12-17T08:19:12","guid":{"rendered":"https:\/\/www.judoclub-gornau.de\/?p=9388"},"modified":"2020-02-11T22:56:36","modified_gmt":"2020-02-11T20:56:36","slug":"unsere-judoka-gewinnen-mannschaftspokal","status":"publish","type":"post","link":"https:\/\/www.judoclub-gornau.de\/?p=9388","title":{"rendered":"Unsere Judoka gewinnen Mannschaftspokal"},"content":{"rendered":"\n<p><\/p>\n\n\n\n<p>Beim \u201e21.Cup der Generationen\u201c trumpften unsere Aktiven am 14.Dezember noch einmal voll auf. Zum letzten Wettkampf waren in unserem Dojo Kampfsportler aus Chemnitz, Falkenbach, Oederan und Thum angereist. Alles in Allem standen bei diesem Turnier mehr als 100 Judoka auf der Matte. Gek\u00e4mpft wurde in den Altersklassen U7 bis U18 sowie in der U21, welche jedoch nicht in die Mannschaftswertung ging. <\/p>\n\n\n\n<p>In einer hochemotionalen Atmosph\u00e4re gingen die K\u00e4mpfe \u00fcber\ndie B\u00fchne. Die vielen Fans und Eltern befeuerten ihre Judoka und so wurde\nmancher Sieg auf einer Welle der Euphorie erk\u00e4mpft.<\/p>\n\n\n\n<p>Bei uns konnten alle Favoriten punkten und selbst einige Wettkampf unerfahrene Judoka wuchsen \u00fcber sich hinaus. Sehenswerte K\u00e4mpfe boten Nick Reichel, Sascha Wunderlich, Emely Oehme, Adrian Klaus Carlotta Oertel oder Charlize Richter. Dean Richter absolvierte auf Gornauer Seite den wohl k\u00fcrzesten Kampf. Er bezwang seinen Gegner innerhalb von 1-2 Sekunden mit einer sehenswerten Wurftechnik. Auch Fabian Rauer, einer der Jungtrainer des JC Gornau zeigte seinen Sch\u00fctzlingen, wie man k\u00e4mpft und gewinnt. <\/p>\n\n\n\n<p>Gegen 14.00 Uhr waren alle K\u00e4mpfe beendet. Sieger wurden dieses Jahr Wir mit 106 Punkten vor den favorisierte Judoka des Chemnitzer PSC mit 97 Punkten, welche mit mehr als 40 K\u00e4mpfern angereist waren. Die beiden 3.Pl\u00e4tze erk\u00e4mpften sich die TSG Oederan (37Punkte) und die Judoschule Thum (30Punkte). F\u00fcr die Judoka des SV Falkenbach reichte es diesmal nur f\u00fcr den undankbaren 5.Platz mit 26 Punkten.<\/p>\n\n\n\n<p>17.00 Uhr trafen sich dann alle Gornauer Judoka und deren Eltern zur obligatorischen Weihnachtsfeier. Nach der Begr\u00fc\u00dfung und einem kurzen R\u00fcckblick auf das Jahr 2019 wurden die Platzierten der vereinsinternen Wettkampfwertung ausgezeichnet. Die Auszeichnung wurde, ebenso wie die Siegerehrung vom Turnier, unter Beisein und t\u00e4tiger Hilfe des Gornauer B\u00fcrgermeisters, Herrn Nico Wollnitzke, durchgef\u00fchrt. Der Pokal\u201eNewcomer\u201c2019 ging an Adrian Klaus. Den 1.Platz bei den M\u00e4dchen belegte Charlize Richter, gefolgt von Lara Neubert (2.Platz), Celina Reichel und Carlotta Oertel (Beide 3.Platz).<\/p>\n\n\n\n<p>Bei den Jungen siegte Nick Reichel vor Elias Wunderlich und die beiden 3.Pl\u00e4tze erk\u00e4mpften sich Dean Richter und Adrian Klaus. Im Namen der Eltern \u00fcberreichten Sindy Richter und Jana Neubert als Dankesch\u00f6n f\u00fcr die Arbeit der Trainer und Gehilfen jeweils kleine Geschenke an Selbige. Danach ging es f\u00fcr alle zu einem \u00fcppigen Buffett, welches, wie schon die Jahre vorher,  von allen Eltern gesponsert wurde. Nat\u00fcrlich durften auch lustige Spiele nicht fehlen. So traten  Teams der V\u00e4ter, der M\u00fctter, der T\u00f6chter und der S\u00f6hne in diversen Disziplinen gegeneinander an. Sieger wurden am Ende die V\u00e4ter vor den M\u00fcttern, den T\u00f6chtern und den S\u00f6hnen. <\/p>\n\n\n\n<p>Mit vielen Gespr\u00e4chen der Eltern mit den Trainern und auch untereinander neigte sich der Abend dann dem Ende entgegen. Es war dies zum wiederholten Male ein sch\u00f6ner Abschlu\u00df eines ereignisreichen Judojahres.<\/p>\n\n\n\n<p>Der Vorstand m\u00f6chte sich im Namen aller Judoka an dieser Stelle bei allen Eltern, der Gemeinde Gornau sowie allen Beh\u00f6rden und \u00c4mtern sowie den Sponsoren f\u00fcr die gute Zusammenarbeit bedanken, in der Hoffnung, dass diese Zusammenarbeit auch 2020 weiterhin so gut funktioniert.<\/p>\n","protected":false},"excerpt":{"rendered":"<p>Beim \u201e21.Cup der Generationen\u201c trumpften unsere Aktiven am 14.Dezember noch einmal voll auf. Zum letzten Wettkampf waren in unserem Dojo Kampfsportler aus Chemnitz, Falkenbach, Oederan und Thum angereist. Alles in Allem standen bei diesem Turnier mehr als 100 Judoka auf der Matte. Gek\u00e4mpft wurde in den Altersklassen U7 bis U18 sowie in der U21, welche jedoch nicht in die Mannschaftswertung [&hellip;]<\/p>\n","protected":false},"author":3,"featured_media":9389,"comment_status":"open","ping_status":"closed","sticky":false,"template":"","format":"standard","meta":{"ngg_post_thumbnail":0,"footnotes":""},"categories":[3],"tags":[247,38],"class_list":["post-9388","post","type-post","status-publish","format-standard","has-post-thumbnail","hentry","category-ergebnisse","tag-247","tag-cup-der-generationen"],"_links":{"self":[{"href":"https:\/\/www.judoclub-gornau.de\/index.php?rest_route=\/wp\/v2\/posts\/9388"}],"collection":[{"href":"https:\/\/www.judoclub-gornau.de\/index.php?rest_route=\/wp\/v2\/posts"}],"about":[{"href":"https:\/\/www.judoclub-gornau.de\/index.php?rest_route=\/wp\/v2\/types\/post"}],"author":[{"embeddable":true,"href":"https:\/\/www.judoclub-gornau.de\/index.php?rest_route=\/wp\/v2\/users\/3"}],"replies":[{"embeddable":true,"href":"https:\/\/www.judoclub-gornau.de\/index.php?rest_route=%2Fwp%2Fv2%2Fcomments&post=9388"}],"version-history":[{"count":3,"href":"https:\/\/www.judoclub-gornau.de\/index.php?rest_route=\/wp\/v2\/posts\/9388\/revisions"}],"predecessor-version":[{"id":9392,"href":"https:\/\/www.judoclub-gornau.de\/index.php?rest_route=\/wp\/v2\/posts\/9388\/revisions\/9392"}],"wp:featuredmedia":[{"embeddable":true,"href":"https:\/\/www.judoclub-gornau.de\/index.php?rest_route=\/wp\/v2\/media\/9389"}],"wp:attachment":[{"href":"https:\/\/www.judoclub-gornau.de\/index.php?rest_route=%2Fwp%2Fv2%2Fmedia&parent=9388"}],"wp:term":[{"taxonomy":"category","embeddable":true,"href":"https:\/\/www.judoclub-gornau.de\/index.php?rest_route=%2Fwp%2Fv2%2Fcategories&post=9388"},{"taxonomy":"post_tag","embeddable":true,"href":"https:\/\/www.judoclub-gornau.de\/index.php?rest_route=%2Fwp%2Fv2%2Ftags&post=9388"}],"curies":[{"name":"wp","href":"https:\/\/api.w.org\/{rel}","templated":true}]}}