{"id":9723,"date":"2021-11-01T10:29:49","date_gmt":"2021-11-01T08:29:49","guid":{"rendered":"https:\/\/www.judoclub-gornau.de\/?p=9723"},"modified":"2021-11-01T10:29:51","modified_gmt":"2021-11-01T08:29:51","slug":"gornauer-judoka-in-rammenau-erfolgreich","status":"publish","type":"post","link":"https:\/\/www.judoclub-gornau.de\/?p=9723","title":{"rendered":"Gornauer Judoka in Rammenau erfolgreich"},"content":{"rendered":"\n<p><\/p>\n\n\n\n<p>Am vergangenen Wochenende, 30. und 31.Oktober, standen unsere Judoka der Altersklassen U15, U18 und Frauen beim 20.internationalen Pokalturnier in Rammenau auf der Matte.<\/p>\n\n\n\n<p>Los ging es am Sonnabend mit der Altersklasse U18. Hier hatten wir mit Carlotta Oertel leider nur eine Judoka am Start, aber diese zeigte wer der Chef auf der Matte ist. In der ersten Begegnung besiegte sie Saskia Hummitzsch (Kamenz) mit einer Festhaltetechnik. Im darauffolgenden Kampf gegen Hermine Greger (RJC Burgst\u00e4dt) lag die Gornauerin zun\u00e4chst mit einem Waza-Ari durch Uchi-Mata vorn. Ihre Kontrahentin konnte dann jedoch ausgleichen. Im \u201eGolden Score\u201c zeigte Carlotta jedoch ihr K\u00f6nnen. Mit einem tief eingedrehtem Seoi-Nage holte sie sich dann doch den Sieg. Mit einer W\u00fcrgetechnik war sie dann im n\u00e4chsten Kampf gegen Jasmin Jegerlehner (KSV Grimma) erfolgreich. Im Finale stand Carlotta Oertel dann Karina Tumova (Judo Elite Prag) gegen\u00fcber. In einem spannenden Kampf, der fast \u00fcber die gesamte Wettkampfzeit ging, siegte unsere Judoka durch eine Festhaltetechnik.<\/p>\n\n\n\n<p>Am Sonntag standen dann unsere Judoka der AK U15 und Frauen auf der Tatami. Bei den M\u00e4dchen der U15 sicherten wir uns durch Lara Neubert Gold. Bei den Jungen dieser Altersklasse konnte Nick Reichel unserem Medaillenspiegel noch eine Silbermedaille hinzuf\u00fcgen. Emilie Schulz belegte bei den Frauen in ihrer Gewichtsklasse ebenfalls den 1.Platz.<\/p>\n\n\n\n<p>In der Pokalwertung kamen wir, bedingt durch die geringe Wettk\u00e4mpferzahl, leider nicht auf einen der vorderen R\u00e4nge. <\/p>\n","protected":false},"excerpt":{"rendered":"<p>Am vergangenen Wochenende, 30. und 31.Oktober, standen unsere Judoka der Altersklassen U15, U18 und Frauen beim 20.internationalen Pokalturnier in Rammenau auf der Matte. Los ging es am Sonnabend mit der Altersklasse U18. Hier hatten wir mit Carlotta Oertel leider nur eine Judoka am Start, aber diese zeigte wer der Chef auf der Matte ist. In der ersten Begegnung besiegte sie [&hellip;]<\/p>\n","protected":false},"author":3,"featured_media":0,"comment_status":"open","ping_status":"closed","sticky":false,"template":"","format":"standard","meta":{"ngg_post_thumbnail":0,"footnotes":""},"categories":[3],"tags":[271,272,117],"class_list":["post-9723","post","type-post","status-publish","format-standard","hentry","category-ergebnisse","tag-271","tag-int-pokalturnier","tag-rammenau"],"_links":{"self":[{"href":"https:\/\/www.judoclub-gornau.de\/index.php?rest_route=\/wp\/v2\/posts\/9723"}],"collection":[{"href":"https:\/\/www.judoclub-gornau.de\/index.php?rest_route=\/wp\/v2\/posts"}],"about":[{"href":"https:\/\/www.judoclub-gornau.de\/index.php?rest_route=\/wp\/v2\/types\/post"}],"author":[{"embeddable":true,"href":"https:\/\/www.judoclub-gornau.de\/index.php?rest_route=\/wp\/v2\/users\/3"}],"replies":[{"embeddable":true,"href":"https:\/\/www.judoclub-gornau.de\/index.php?rest_route=%2Fwp%2Fv2%2Fcomments&post=9723"}],"version-history":[{"count":1,"href":"https:\/\/www.judoclub-gornau.de\/index.php?rest_route=\/wp\/v2\/posts\/9723\/revisions"}],"predecessor-version":[{"id":9724,"href":"https:\/\/www.judoclub-gornau.de\/index.php?rest_route=\/wp\/v2\/posts\/9723\/revisions\/9724"}],"wp:attachment":[{"href":"https:\/\/www.judoclub-gornau.de\/index.php?rest_route=%2Fwp%2Fv2%2Fmedia&parent=9723"}],"wp:term":[{"taxonomy":"category","embeddable":true,"href":"https:\/\/www.judoclub-gornau.de\/index.php?rest_route=%2Fwp%2Fv2%2Fcategories&post=9723"},{"taxonomy":"post_tag","embeddable":true,"href":"https:\/\/www.judoclub-gornau.de\/index.php?rest_route=%2Fwp%2Fv2%2Ftags&post=9723"}],"curies":[{"name":"wp","href":"https:\/\/api.w.org\/{rel}","templated":true}]}}