{"id":9752,"date":"2022-03-27T18:30:46","date_gmt":"2022-03-27T16:30:46","guid":{"rendered":"https:\/\/www.judoclub-gornau.de\/?p=9752"},"modified":"2022-03-27T19:05:00","modified_gmt":"2022-03-27T17:05:00","slug":"5-platz-fuer-adrian","status":"publish","type":"post","link":"https:\/\/www.judoclub-gornau.de\/?p=9752","title":{"rendered":"5.Platz f\u00fcr Adrian"},"content":{"rendered":"\n<p><\/p>\n\n\n\n<p>Am 26.M\u00e4rz fanden in Oelsnitz\/Vogtl. die diesj\u00e4hrigen BEM der AK U13 statt. Wir, der JUDO-CLUB Gornau e .V., starteten in dieser AK mit Adrian Klaus. Er k\u00e4mpft normalerweise in der U11, aber da er der \u00e4lteste Jahrgang dieser AK ist, bestand f\u00fcr ihn die M\u00f6glichkeit eine Altersklasse h\u00f6her zu starten.<\/p>\n\n\n\n<p>\u00a0Im ersten Kampf gegen Franz (Werdau) punktete Adrian mit einem O-Goshi. Leider war sein n\u00e4chster Angriff nicht von Erfolg gekr\u00f6nt, da er den Fehler machte und einen Fu\u00df stehen lie\u00df, welcher von Franz gefegt und mit Ippon belohnt wurde.<\/p>\n\n\n\n<p>In der Hoffnungsrunde stand Adrian dann Schmidt (D\u00f6beln) und Ender (Werdau) gegen\u00fcber. Ersteren bezwang er mit O-soto-otoshi und den Werdauer warf er mit Seoi-Nage auf die Matte. Beide Techniken waren sehenswert. Im Kampf um Bronze hatte Adrian es mit einem Judoka aus Crimmitschau zu tun, wo er auch zun\u00e4chst in F\u00fchrung ging. Der Kampf entwickelte sich zu einem w\u00fcsten Gerangel und Adrian fand f\u00fcr diesen Kampfstil leider keine Strategie und verlor.<\/p>\n\n\n\n<p>Ein dickes Lob an die Organisatoren! \u201eDer Wettkampf war hervorragend organisiert, da stimmte wirklich alles!\u201c , so der Betreuer von Adrian, Reimar Sesser.<\/p>\n","protected":false},"excerpt":{"rendered":"<p>Am 26.M\u00e4rz fanden in Oelsnitz\/Vogtl. die diesj\u00e4hrigen BEM der AK U13 statt. Wir, der JUDO-CLUB Gornau e .V., starteten in dieser AK mit Adrian Klaus. Er k\u00e4mpft normalerweise in der U11, aber da er der \u00e4lteste Jahrgang dieser AK ist, bestand f\u00fcr ihn die M\u00f6glichkeit eine Altersklasse h\u00f6her zu starten. \u00a0Im ersten Kampf gegen Franz (Werdau) punktete Adrian mit einem [&hellip;]<\/p>\n","protected":false},"author":3,"featured_media":0,"comment_status":"open","ping_status":"closed","sticky":false,"template":"","format":"standard","meta":{"ngg_post_thumbnail":0,"footnotes":""},"categories":[3],"tags":[17,82],"class_list":["post-9752","post","type-post","status-publish","format-standard","hentry","category-ergebnisse","tag-bem","tag-u13"],"_links":{"self":[{"href":"https:\/\/www.judoclub-gornau.de\/index.php?rest_route=\/wp\/v2\/posts\/9752"}],"collection":[{"href":"https:\/\/www.judoclub-gornau.de\/index.php?rest_route=\/wp\/v2\/posts"}],"about":[{"href":"https:\/\/www.judoclub-gornau.de\/index.php?rest_route=\/wp\/v2\/types\/post"}],"author":[{"embeddable":true,"href":"https:\/\/www.judoclub-gornau.de\/index.php?rest_route=\/wp\/v2\/users\/3"}],"replies":[{"embeddable":true,"href":"https:\/\/www.judoclub-gornau.de\/index.php?rest_route=%2Fwp%2Fv2%2Fcomments&post=9752"}],"version-history":[{"count":2,"href":"https:\/\/www.judoclub-gornau.de\/index.php?rest_route=\/wp\/v2\/posts\/9752\/revisions"}],"predecessor-version":[{"id":9754,"href":"https:\/\/www.judoclub-gornau.de\/index.php?rest_route=\/wp\/v2\/posts\/9752\/revisions\/9754"}],"wp:attachment":[{"href":"https:\/\/www.judoclub-gornau.de\/index.php?rest_route=%2Fwp%2Fv2%2Fmedia&parent=9752"}],"wp:term":[{"taxonomy":"category","embeddable":true,"href":"https:\/\/www.judoclub-gornau.de\/index.php?rest_route=%2Fwp%2Fv2%2Fcategories&post=9752"},{"taxonomy":"post_tag","embeddable":true,"href":"https:\/\/www.judoclub-gornau.de\/index.php?rest_route=%2Fwp%2Fv2%2Ftags&post=9752"}],"curies":[{"name":"wp","href":"https:\/\/api.w.org\/{rel}","templated":true}]}}