{"id":9767,"date":"2022-05-07T09:27:55","date_gmt":"2022-05-07T07:27:55","guid":{"rendered":"https:\/\/www.judoclub-gornau.de\/?p=9767"},"modified":"2023-02-11T22:35:56","modified_gmt":"2023-02-11T20:35:56","slug":"tag-1-judo-festival","status":"publish","type":"post","link":"https:\/\/www.judoclub-gornau.de\/?p=9767","title":{"rendered":"Tag 1 &#8211; Judo Festival"},"content":{"rendered":"\n<p>Heute war nun der erste Tag des Judofestival auf dem Rabenberg.<\/p>\n\n\n\n<p>1.)<\/p>\n\n\n\n<p>Heute wurde nun der F\u00f6rderverein des s\u00e4chsischen Judosports gegr\u00fcndet.<\/p>\n\n\n\n<p>Da wir nun in Sachsen kein Leistungszentrum mehr haben und somit F\u00f6rdermittel wegfallen, werden wir versuchen auf diesem Weg die Finanzlage zu verbessern.<\/p>\n\n\n\n<p>2.)<\/p>\n\n\n\n<p>Neuwahlen f\u00fcr den Vorstand des Sportbezirkes Chemnitz.<\/p>\n\n\n\n<p>Hier wurde unser Uwe Drechsel f\u00fcr die n\u00e4chsten 4 Jahre als Vorsitzender gew\u00e4hlt. Herzlichen Gl\u00fcckwunsch.<\/p>\n\n\n\n<p>Ich denke ich kann einsch\u00e4tzen, dass sich unser Uwe&nbsp;in der Wahlversammlung&nbsp;sehr gut pr\u00e4sentiert hat.<\/p>\n\n\n\n<p>3.)<\/p>\n\n\n\n<p>Carlotta und Hanna haben an 2 Trainingseinheiten teilgenommen. In der ersten Einheit ging es um Bodenkampf\/ Bodentechniken. Udo Quellmalz war der Sensei.<\/p>\n\n\n\n<p>In der 2. Einheit war Anett B\u00f6hm vorgesehen, sie konnte leider nicht erscheinen und Hendrik Schuster von Leipzig zeigte den Teilnehmern interessante Varianten. Ich konnte nur den Schlu\u00df mit ansehen. Deshalb m\u00fcsst ihr unseren M\u00e4dels L\u00f6cher in den Bauch fragen. Sie waren jedenfalls begeistert. Die Handyfotos zeigen wie Hanna und Carlotta es Udo schwer machten. Leider habe ich keine bessere Qualit\u00e4t der Fotos erlangen k\u00f6nnen- es war ja spontan und zuf\u00e4llig.<\/p>\n\n\n\n<p>Stephan Henz<\/p>\n\n\n\nngg_shortcode_0_placeholder\n","protected":false},"excerpt":{"rendered":"<p>Heute war nun der erste Tag des Judofestival auf dem Rabenberg. 1.) Heute wurde nun der F\u00f6rderverein des s\u00e4chsischen Judosports gegr\u00fcndet. Da wir nun in Sachsen kein Leistungszentrum mehr haben und somit F\u00f6rdermittel wegfallen, werden wir versuchen auf diesem Weg die Finanzlage zu verbessern. 2.) Neuwahlen f\u00fcr den Vorstand des Sportbezirkes Chemnitz. Hier wurde unser Uwe Drechsel f\u00fcr die n\u00e4chsten [&hellip;]<\/p>\n","protected":false},"author":2,"featured_media":9779,"comment_status":"open","ping_status":"closed","sticky":false,"template":"","format":"standard","meta":{"ngg_post_thumbnail":0,"footnotes":""},"categories":[5],"tags":[],"class_list":["post-9767","post","type-post","status-publish","format-standard","has-post-thumbnail","hentry","category-sonstiges"],"_links":{"self":[{"href":"https:\/\/www.judoclub-gornau.de\/index.php?rest_route=\/wp\/v2\/posts\/9767"}],"collection":[{"href":"https:\/\/www.judoclub-gornau.de\/index.php?rest_route=\/wp\/v2\/posts"}],"about":[{"href":"https:\/\/www.judoclub-gornau.de\/index.php?rest_route=\/wp\/v2\/types\/post"}],"author":[{"embeddable":true,"href":"https:\/\/www.judoclub-gornau.de\/index.php?rest_route=\/wp\/v2\/users\/2"}],"replies":[{"embeddable":true,"href":"https:\/\/www.judoclub-gornau.de\/index.php?rest_route=%2Fwp%2Fv2%2Fcomments&post=9767"}],"version-history":[{"count":4,"href":"https:\/\/www.judoclub-gornau.de\/index.php?rest_route=\/wp\/v2\/posts\/9767\/revisions"}],"predecessor-version":[{"id":9782,"href":"https:\/\/www.judoclub-gornau.de\/index.php?rest_route=\/wp\/v2\/posts\/9767\/revisions\/9782"}],"wp:featuredmedia":[{"embeddable":true,"href":"https:\/\/www.judoclub-gornau.de\/index.php?rest_route=\/wp\/v2\/media\/9779"}],"wp:attachment":[{"href":"https:\/\/www.judoclub-gornau.de\/index.php?rest_route=%2Fwp%2Fv2%2Fmedia&parent=9767"}],"wp:term":[{"taxonomy":"category","embeddable":true,"href":"https:\/\/www.judoclub-gornau.de\/index.php?rest_route=%2Fwp%2Fv2%2Fcategories&post=9767"},{"taxonomy":"post_tag","embeddable":true,"href":"https:\/\/www.judoclub-gornau.de\/index.php?rest_route=%2Fwp%2Fv2%2Ftags&post=9767"}],"curies":[{"name":"wp","href":"https:\/\/api.w.org\/{rel}","templated":true}]}}