{"id":998,"date":"2010-08-29T09:52:04","date_gmt":"2010-08-29T07:52:04","guid":{"rendered":"http:\/\/www.judoclub-gornau.de\/?p=998"},"modified":"2015-02-02T14:31:34","modified_gmt":"2015-02-02T12:31:34","slug":"9-krumelrandori-war-fur-unsere-kleinen-guter-auftakt","status":"publish","type":"post","link":"https:\/\/www.judoclub-gornau.de\/?p=998","title":{"rendered":"9.Kr\u00fcmelrandori war f\u00fcr unsere Kleinen guter Auftakt"},"content":{"rendered":"<p align=\"center\"><strong>Patricia Sprunk holt f\u00fcr Gornau Gold<\/strong><\/p>\n<p>Bei der 9.Auflage des \u201eHerbst-Kr\u00fcmel-\u00a0\u00a0\u00a0Randori\u201c in Breitenbrunn konnte unser Club\u00a0zum Auftakt der 2.Halbzeit in der Wettkampfsaison auftrumpfen. Allen voran Patricia Sprunk, welche als einzige Gornauer Judoka Gold erk\u00e4mpfte.<\/p>\n<p>\u00a0Sie entschied alle vier Begegnungen in ihrer Gewichtsklasse f\u00fcr sich und belegte noch vor Vereinskamerad Franz Bauer den 1.Platz. Franz musste sich nur Patrizia geschlagen geben und die Silbermedaille spiegelt auch seinen derzeitigen guten Leistungsstand wieder.<\/p>\n<p>Ebenfalls Silber erk\u00e4mpften sich Justin Fritzsche, Fabian Rauer und Lukas B\u00e4hr. Bei Fabian w\u00e4re durchaus Gold drin gewesen aber durch ein Fehlurteil des Mattenrichters wurde er um Gold gebracht. F\u00fcr Lukas war es die erste Medaille und gewiss ein Ansporn um in die Fu\u00dfstapfen seines Vaters zu treten, welcher f\u00fcr den Chemnitzer PSV auf der Tatami steht.<\/p>\n<p>Mathis Jeromin, welcher zum ersten Mal auf der Matte stand, konnte seinen Ausflug ins Wettkampfgeschehen mit einer Bronzemedaille kr\u00f6nen.<\/p>\n<p>Den undankbaren Platz 4 belegten Jill Meyer, Sven und Patrick Grummt sowie Johann Winkler und auf Rang 5 kamen Maxim Fritzsche und Benedict Hartmann.<\/p>\n<p>Alles in Allem war dieses Turnier zum wiederholten Mal eine gelungene Veranstaltung. Bei der vom Judoclub Antonsthal-Schwarzenberg organisierten Veranstaltung waren insgesamt 135 Judoka aus 15 Vereinen vertreten und Dank einer guten Organisation ging alles ohne gr\u00f6\u00dfere Verz\u00f6gerungen reibungslos \u00fcber die B\u00fchne.<\/p>\nngg_shortcode_0_placeholder\n","protected":false},"excerpt":{"rendered":"<p>Patricia Sprunk holt f\u00fcr Gornau Gold Bei der 9.Auflage des \u201eHerbst-Kr\u00fcmel-\u00a0\u00a0\u00a0Randori\u201c in Breitenbrunn konnte unser Club\u00a0zum Auftakt der 2.Halbzeit in der Wettkampfsaison auftrumpfen. Allen voran Patricia Sprunk, welche als einzige Gornauer Judoka Gold erk\u00e4mpfte. \u00a0Sie entschied alle vier Begegnungen in ihrer Gewichtsklasse f\u00fcr sich und belegte noch vor Vereinskamerad Franz Bauer den 1.Platz. Franz musste sich nur Patrizia geschlagen geben [&hellip;]<\/p>\n","protected":false},"author":3,"featured_media":0,"comment_status":"closed","ping_status":"closed","sticky":false,"template":"","format":"standard","meta":{"ngg_post_thumbnail":0,"footnotes":""},"categories":[3],"tags":[70,14,60],"class_list":["post-998","post","type-post","status-publish","format-standard","hentry","category-ergebnisse","tag-70","tag-antonsthal","tag-u10"],"_links":{"self":[{"href":"https:\/\/www.judoclub-gornau.de\/index.php?rest_route=\/wp\/v2\/posts\/998"}],"collection":[{"href":"https:\/\/www.judoclub-gornau.de\/index.php?rest_route=\/wp\/v2\/posts"}],"about":[{"href":"https:\/\/www.judoclub-gornau.de\/index.php?rest_route=\/wp\/v2\/types\/post"}],"author":[{"embeddable":true,"href":"https:\/\/www.judoclub-gornau.de\/index.php?rest_route=\/wp\/v2\/users\/3"}],"replies":[{"embeddable":true,"href":"https:\/\/www.judoclub-gornau.de\/index.php?rest_route=%2Fwp%2Fv2%2Fcomments&post=998"}],"version-history":[{"count":11,"href":"https:\/\/www.judoclub-gornau.de\/index.php?rest_route=\/wp\/v2\/posts\/998\/revisions"}],"predecessor-version":[{"id":1010,"href":"https:\/\/www.judoclub-gornau.de\/index.php?rest_route=\/wp\/v2\/posts\/998\/revisions\/1010"}],"wp:attachment":[{"href":"https:\/\/www.judoclub-gornau.de\/index.php?rest_route=%2Fwp%2Fv2%2Fmedia&parent=998"}],"wp:term":[{"taxonomy":"category","embeddable":true,"href":"https:\/\/www.judoclub-gornau.de\/index.php?rest_route=%2Fwp%2Fv2%2Fcategories&post=998"},{"taxonomy":"post_tag","embeddable":true,"href":"https:\/\/www.judoclub-gornau.de\/index.php?rest_route=%2Fwp%2Fv2%2Ftags&post=998"}],"curies":[{"name":"wp","href":"https:\/\/api.w.org\/{rel}","templated":true}]}}